{"id":60707,"date":"2019-01-30T06:30:19","date_gmt":"2019-01-30T04:30:19","guid":{"rendered":"https:\/\/miurltemporal.com/main/triatletasenred.sport.es\/?p=60707"},"modified":"2019-01-30T17:07:01","modified_gmt":"2019-01-30T15:07:01","slug":"blummenfelt-vs-alistair-llega-el-primer-gran-duelo-de-2019","status":"publish","type":"post","link":"https:\/\/miurltemporal.com/main/triatletasenred.sport.es\/actualidad\/blummenfelt-vs-alistair-llega-el-primer-gran-duelo-de-2019\/","title":{"rendered":"Blummenfelt vs Alistair: llega el primer gran duelo de 2019"},"content":{"rendered":"<h3 style=\"text-align: justify;\">Ambos se enfrentar\u00e1n este viernes en el Ironman 70.3 de Dubai, prueba en la que el mayor de los Brownlee se llev\u00f3 la victoria en 2018.<\/h3>\n<p><img fetchpriority=\"high\" decoding=\"async\" class=\"aligncenter size-full wp-image-35097\" src=\"https:\/\/miurltemporal.com/main/triatletasenred.sport.es\/wp-content\/uploads\/Compressport2.jpg\" alt=\"\" width=\"479\" height=\"105\" srcset=\"https:\/\/miurltemporal.com/main/triatletasenred.sport.es\/wp-content\/uploads\/Compressport2.jpg 479w, https:\/\/miurltemporal.com/main/triatletasenred.sport.es\/wp-content\/uploads\/Compressport2-300x65.jpg 300w\" sizes=\"(max-width: 479px) 100vw, 479px\" \/><\/p>\n<p style=\"text-align: justify;\">\u00a1Qu\u00e9 ganas ten\u00edamos! La temporada internacional 2019 arranc\u00f3 hace dos semanas con el Ironman 70.3 de Puc\u00f3n pero todav\u00eda no hemos podido ver competir a las grandes estrellas de nuestro deporte. Por suerte, este viernes terminar\u00e1 esta larga espera con un duelo por todo lo alto: <strong>Kristian Blummenfelt y Alistair Brownlee<\/strong> se ver\u00e1n las caras en el <strong>Ironman 70.3 de Dubai<\/strong>, donde ya gan\u00f3 el brit\u00e1nico en 2018. Ambos viajar\u00e1n directamente desde los lugares que este a\u00f1o han elegido para llevar a cabo su concentraci\u00f3n de pretemporada. Y es que Blummenfelt termin\u00f3 esta semana<a href=\"https:\/\/miurltemporal.com/main/triatletasenred.sport.es\/actualidad\/concentracion-pretemporada-blummenfelt-2019\/\"> su\u00a0<em>stage\u00a0<\/em>en Fuerteventura<\/a>, mientras que Alistair, junto a su hermano Jonathan, tambi\u00e9n ha elegido Espa\u00f1a para entrenar este invierno: <a href=\"https:\/\/miurltemporal.com/main/triatletasenred.sport.es\/actualidad\/training-camp-hermanos-brownlee-2018\/\">han estado desde diciembre en Alicante.\u00a0<\/a><\/p>\n<p style=\"text-align: justify;\">\u00a1El espect\u00e1culo est\u00e1 servido porque no estar\u00e1n solos! A pesar de ser los dos grandes favoritos, Blummenfelt y Brownlee compartir\u00e1n l\u00ednea de salida con triatletas de primer nivel en Media y Larga Distancia como <strong>Patrik Nilsson<\/strong> (compa\u00f1ero de equipo de <strong>Pablo Dapena<\/strong>) o <strong>Adam Bowden<\/strong>. Todos ellos optar\u00e1n a la victoria en la primera competici\u00f3n de la famosa <strong>Triple Corona<\/strong>: el triatleta que consiga ganar este viernes y tambi\u00e9n logre vencer en el <strong>Mundial 70.3<\/strong>\u00a0(Niza) y en el <strong>70.3 de Bahrain<\/strong>, recibir\u00e1 un premio econ\u00f3mico de 1 mill\u00f3n de d\u00f3lares. \u00bfDif\u00edcil? Mucho, solo <strong>Daniela Ryf<\/strong> lo ha conseguido hasta la fecha.<\/p>\n<p style=\"text-align: justify;\">No podremos perder de vista la carrera femenina de este Ironman 70.3 de Dubai porque contar\u00e1 con representaci\u00f3n espa\u00f1ola. <strong>Judith Corach\u00e1n<\/strong> ser\u00e1 de la partida en una prueba que contar\u00e1 con <strong>Holly Lawrence y Sarah Lewis<\/strong>, dos de las integrantes del podio en la edici\u00f3n de 2018.<\/p>\n<p>La competici\u00f3n se disputar\u00e1 este viernes 1 de febrero <strong>a partir de las 4 AM (hora espa\u00f1ola).\u00a0<\/strong><\/p>\n","protected":false},"excerpt":{"rendered":"<p>Ambos se enfrentar\u00e1n este viernes en el Ironman 70.3 de Dubai, prueba en la que el mayor de los Brownlee se llev\u00f3 la victoria en 2018. \u00a1Qu\u00e9 ganas ten\u00edamos! La temporada internacional 2019 arranc\u00f3 hace dos semanas con el Ironman 70.3 de Puc\u00f3n pero todav\u00eda no hemos podido ver competir a las grandes estrellas de [&hellip;]<\/p>\n","protected":false},"author":302,"featured_media":60712,"comment_status":"closed","ping_status":"closed","sticky":false,"template":"","format":"standard","meta":{"_acf_changed":false,"rank_math_lock_modified_date":false,"footnotes":""},"categories":[17,2033],"tags":[2630,4226,3152,6529,2842],"class_list":{"0":"post-60707","1":"post","2":"type-post","3":"status-publish","4":"format-standard","5":"has-post-thumbnail","7":"category-actualidad","9":"tag-alistair-brownlee","10":"tag-ironman-70-3-dubai","11":"tag-judith-corachan","12":"tag-kristina-blummenfelt","13":"tag-triple-corona"},"acf":[],"_links":{"self":[{"href":"https:\/\/miurltemporal.com/main/triatletasenred.sport.es\/wp-json\/wp\/v2\/posts\/60707"}],"collection":[{"href":"https:\/\/miurltemporal.com/main/triatletasenred.sport.es\/wp-json\/wp\/v2\/posts"}],"about":[{"href":"https:\/\/miurltemporal.com/main/triatletasenred.sport.es\/wp-json\/wp\/v2\/types\/post"}],"author":[{"embeddable":true,"href":"https:\/\/miurltemporal.com/main/triatletasenred.sport.es\/wp-json\/wp\/v2\/users\/302"}],"replies":[{"embeddable":true,"href":"https:\/\/miurltemporal.com/main/triatletasenred.sport.es\/wp-json\/wp\/v2\/comments?post=60707"}],"version-history":[{"count":0,"href":"https:\/\/miurltemporal.com/main/triatletasenred.sport.es\/wp-json\/wp\/v2\/posts\/60707\/revisions"}],"wp:featuredmedia":[{"embeddable":true,"href":"https:\/\/miurltemporal.com/main/triatletasenred.sport.es\/wp-json\/wp\/v2\/media\/60712"}],"wp:attachment":[{"href":"https:\/\/miurltemporal.com/main/triatletasenred.sport.es\/wp-json\/wp\/v2\/media?parent=60707"}],"wp:term":[{"taxonomy":"category","embeddable":true,"href":"https:\/\/miurltemporal.com/main/triatletasenred.sport.es\/wp-json\/wp\/v2\/categories?post=60707"},{"taxonomy":"post_tag","embeddable":true,"href":"https:\/\/miurltemporal.com/main/triatletasenred.sport.es\/wp-json\/wp\/v2\/tags?post=60707"}],"curies":[{"name":"wp","href":"https:\/\/api.w.org\/{rel}","templated":true}]}}