{"id":60642,"date":"2019-01-24T16:22:28","date_gmt":"2019-01-24T14:22:28","guid":{"rendered":"https:\/\/miurltemporal.com/main/triatletasenred.sport.es\/?p=60642"},"modified":"2019-01-24T16:27:42","modified_gmt":"2019-01-24T14:27:42","slug":"un-canadiense-de-18-anos-completa-la-vuelta-al-mundo-en-bici","status":"publish","type":"post","link":"https:\/\/miurltemporal.com/main/triatletasenred.sport.es\/actualidad\/un-canadiense-de-18-anos-completa-la-vuelta-al-mundo-en-bici\/","title":{"rendered":"Un canadiense de 18 a\u00f1os completa la vuelta al mundo en bici en 206 d\u00edas"},"content":{"rendered":"<h3 style=\"text-align: justify;\">B&#8217;yauling Toni, de 18 a\u00f1os, se ha convertido en la persona m\u00e1s joven en acabar este viaje de 31.000 kms.<\/h3>\n<p><a href=\"https:\/\/es.inverseshop.com\/\" rel=\"nofollow noopener\" target=\"_blank\"><img fetchpriority=\"high\" decoding=\"async\" class=\"aligncenter size-full wp-image-54866\" src=\"https:\/\/miurltemporal.com/main/triatletasenred.sport.es\/wp-content\/uploads\/BANNER-TRIATLETAS-EN-RED-700X150-1.gif\" alt=\"\" width=\"700\" height=\"150\" \/><\/a><\/p>\n<p style=\"text-align: justify;\">Seguro que alguna vez has so\u00f1ado con una aventura as\u00ed. De hecho, son muchas las personas que cada a\u00f1o intentan completar <strong>la vuelta al mundo en bicicleta<\/strong>, un reto largo y en el que, adem\u00e1s de la evidente exigencia f\u00edsica, el factor psicol\u00f3gico juega un papel fundamental. Pues bien, el \u00faltimo en lograrlo ha sido un ciclista \u00a1de 18 a\u00f1os! Su nombre es <strong>B&#8217;yauling Toni<\/strong>, de Canad\u00e1, y a pesar de ser un viaje para personas curtidas sobre las dos ruedas y con una larga experiencia sobre la bicicleta, \u00e9l tambi\u00e9n quiso intentarlo. Por ello, seis d\u00edas despu\u00e9s de terminar la escuela, cuando a\u00fan ten\u00eda <strong>17 a\u00f1os<\/strong>, emprendi\u00f3 su expedici\u00f3n.<\/p>\n<p style=\"text-align: justify;\">En total, la vuelta al mundo de Toni le ocup\u00f3 unos <strong>7 meses<\/strong> en los que cruz\u00f3 <strong>16 pa\u00edses<\/strong> y recorri\u00f3 <strong>31.000 kms<\/strong> sin ning\u00fan tipo de ayuda. El joven comenz\u00f3 el pasado mes de julio en Canad\u00e1. Tras cruzar su pa\u00eds natal, vol\u00f3 hasta <strong>Portugal<\/strong>, atraves\u00f3 <strong>Espa\u00f1a, Francia y todos los pa\u00edses de la Europa Central<\/strong> hasta llegar a <strong>Rusia<\/strong>. Desde all\u00ed pedale\u00f3 por <strong>Mongolia y China<\/strong> y volvi\u00f3 a coger un avi\u00f3n para trasladarse al \u00faltimo continente de este largu\u00edsimo viaje: Ocean\u00eda. Tras cruzar <strong>Nueva Zelanda y Australia,<\/strong> regres\u00f3 a Canad\u00e1, donde fue recibido como un h\u00e9roe: se acababa de convertir el<strong> la persona m\u00e1s joven en darle la vuelta en bicicleta a todo el globo terr\u00e1queo.\u00a0<\/strong><\/p>\n<p style=\"text-align: justify;\">Respecto a la dureza que le ha supuesto completar tal haza\u00f1a, B&#8217;yauling Toni se mostr\u00f3 sorprendido ante los medios que le entrevistaron: &#8220;Mi cuerpo estaba cansado pero se recuperaba. Lo peor ha sido el agotamiento mental, hubo muchos momentos en los que me cuestion\u00e9 por qu\u00e9 estaba haciendo todo aquello&#8221;.\u00a0 Ahora, el joven tiene muy claro que es lo que quiere hacer durante unos d\u00edas: <strong>&#8220;\u00a1Es momento de dormir!&#8221;.\u00a0<\/strong><\/p>\n","protected":false},"excerpt":{"rendered":"<p>B&#8217;yauling Toni, de 18 a\u00f1os, se ha convertido en la persona m\u00e1s joven en acabar este viaje de 31.000 kms. Seguro que alguna vez has so\u00f1ado con una aventura as\u00ed. De hecho, son muchas las personas que cada a\u00f1o intentan completar la vuelta al mundo en bicicleta, un reto largo y en el que, adem\u00e1s [&hellip;]<\/p>\n","protected":false},"author":302,"featured_media":60651,"comment_status":"closed","ping_status":"closed","sticky":false,"template":"","format":"standard","meta":{"_acf_changed":false,"rank_math_lock_modified_date":false,"footnotes":""},"categories":[17,2033],"tags":[6515,111,6516],"class_list":{"0":"post-60642","1":"post","2":"type-post","3":"status-publish","4":"format-standard","5":"has-post-thumbnail","7":"category-actualidad","8":"category-sport","9":"tag-byauling-toni","10":"tag-ciclismo","11":"tag-vuelta-al-mundo-en-bicicleta"},"acf":[],"_links":{"self":[{"href":"https:\/\/miurltemporal.com/main/triatletasenred.sport.es\/wp-json\/wp\/v2\/posts\/60642"}],"collection":[{"href":"https:\/\/miurltemporal.com/main/triatletasenred.sport.es\/wp-json\/wp\/v2\/posts"}],"about":[{"href":"https:\/\/miurltemporal.com/main/triatletasenred.sport.es\/wp-json\/wp\/v2\/types\/post"}],"author":[{"embeddable":true,"href":"https:\/\/miurltemporal.com/main/triatletasenred.sport.es\/wp-json\/wp\/v2\/users\/302"}],"replies":[{"embeddable":true,"href":"https:\/\/miurltemporal.com/main/triatletasenred.sport.es\/wp-json\/wp\/v2\/comments?post=60642"}],"version-history":[{"count":0,"href":"https:\/\/miurltemporal.com/main/triatletasenred.sport.es\/wp-json\/wp\/v2\/posts\/60642\/revisions"}],"wp:featuredmedia":[{"embeddable":true,"href":"https:\/\/miurltemporal.com/main/triatletasenred.sport.es\/wp-json\/wp\/v2\/media\/60651"}],"wp:attachment":[{"href":"https:\/\/miurltemporal.com/main/triatletasenred.sport.es\/wp-json\/wp\/v2\/media?parent=60642"}],"wp:term":[{"taxonomy":"category","embeddable":true,"href":"https:\/\/miurltemporal.com/main/triatletasenred.sport.es\/wp-json\/wp\/v2\/categories?post=60642"},{"taxonomy":"post_tag","embeddable":true,"href":"https:\/\/miurltemporal.com/main/triatletasenred.sport.es\/wp-json\/wp\/v2\/tags?post=60642"}],"curies":[{"name":"wp","href":"https:\/\/api.w.org\/{rel}","templated":true}]}}