{"id":6051,"date":"2012-11-24T14:13:01","date_gmt":"2012-11-24T14:13:01","guid":{"rendered":"http:\/\/triatletasenred.com\/?p=6051"},"modified":"2012-12-05T06:29:21","modified_gmt":"2012-12-05T06:29:21","slug":"challenge-vitoria-por-iker-gallastegi","status":"publish","type":"post","link":"https:\/\/miurltemporal.com/main/triatletasenred.sport.es\/actualidad\/challenge-vitoria-por-iker-gallastegi\/","title":{"rendered":"CHALLENGE VITORIA \u2013 GASTEIZ EN JULIO Y DURANTE TRES EDICIONES"},"content":{"rendered":"<h4 style=\"text-align: justify;\">Iker Gallastegi estuvo en la presentac\u00f3n de la Challenge Vitoria, y ahora nos lo cuenta para triATLETASenred.<\/h4>\n<p style=\"text-align: justify;\">Ha llegado el d\u00eda que todos llev\u00e1bamos tiempo esperando. Por fin podremos vivir un triatl\u00f3n distancia Ironman en nuestras tierras. La elegida ha sido Vitoria-Gasteiz, la capital de Euskadi. Aunque lo parezca, Bilbao no es la capital, puede que lo sea del mundo, pero no de la Comunidad Aut\u00f3noma del Pa\u00eds Vasco. La elecci\u00f3n no ha sido al azar, ni mucho menos. La ciudad lleva tras de s\u00ed un largo bagaje en cuanto a pruebas triatl\u00e9ticas de car\u00e1cter internacional se refiere.<\/p>\n<p style=\"text-align: justify;\"><img fetchpriority=\"high\" decoding=\"async\" class=\"alignleft\" title=\"deportistas\" src=\"https:\/\/dl.dropbox.com\/u\/3879676\/triATLETAS\/imatges\/competis\/vitoria\/deportista%20vitorianos.JPG\" alt=\"\" width=\"307\" height=\"206\" \/>En 2010 fue sede del Campeonato de Europa de Larga Distancia, con victorias para dos vascos, Virginia Berasategi y Eneko Llanos, en categor\u00edas femenina y masculina respectivamente. Ah\u00ed es nada. En 2012 ha vuelto a ser sede de una prueba de nivel internacional, en esta ocasi\u00f3n nada m\u00e1s y nada menos que del Campeonato del Mundo de Larga Distancia. Eneko Llanos tuvo que \u201cconformarse\u201d esta vez con ser subcampe\u00f3n del mundo, pero ojo, que el ganador no es ning\u00fan reci\u00e9n llegado al mundillo, se trata de Chris \u201cMacca\u201d McCormack, cu\u00e1druple campe\u00f3n mundial.<\/p>\n<p style=\"text-align: justify;\">Con estos antecedentes, el siguiente paso era establecer una sede permanente para pruebas de larga distancia. Hac\u00eda meses que algo se barruntaba en los foros especializados de internet. Todo eran rumores: \u201che o\u00eddo\u201d, \u201cme han dicho\u201d, \u201ctengo un contacto que\u201d&#8230; lo dicho, todo rumores. Mientras el murmullo iba <em>in crescendo<\/em>, las negociaciones segu\u00edan su curso. No es tarea balad\u00ed organizar un evento de estas caracter\u00edsticas, y menos a\u00fan, cuando se trata de entrar a formar parte del circuito de la franquicia <strong>Challenge<\/strong>. Estamos hablando de la creme de la creme, del m\u00e1s alto nivel.<\/p>\n<p style=\"text-align: justify;\">El rumor dej\u00f3 de serlo el pasado viernes. La ciudad de Vitoria, Gasteiz para nosotros, me acoge con un agradable sol oto\u00f1al. Da gusto pasear por ella. Precioso casco urbano salpicado de parques, plazas, \u00e1rboles&#8230;vamos, lleno en ralidad, de zonas verdes, por algo ha sido elegida Green Capital 2012. Miro a mi alrededor, y me digo a m\u00ed mismo <em>\u201cel 99,99% de la gente que veo pasear desconoce lo que est\u00e1 a punto de presentarse en el Ayuntamiento\u201d.<\/em><\/p>\n<p style=\"text-align: justify;\">Pocas veces se tiene la suerte de poder asistir a un acto de estas dimensiones. Accedo al edificio y me acredito. Acudir como enviado de Triatletas En Red abre puertas. Se nota que la gente hace bien el trabajo, porque en poco tiempo se han consolidado como una de las web de referencia en el mundillo triatl\u00e9tico, y con tanta competencia, no es f\u00e1cil.<\/p>\n<p style=\"text-align: justify;\">Empieza a llegar gente a la rueda de prensa. Saludos de rigor, y en estas entran Eneko y Hektor Llanos, creo que sobran las presentaciones. Breve charla con Hektor (fue a quien acud\u00ed all\u00e1 por marzo para realizar un estudio biomec\u00e1nico) sobre mis retos de cara al a\u00f1o 2013. Sigue llegando gente. Hacen acto de presencia personalidades deportivas, emblemas deportivos de la ciudad como Mart\u00edn Fiz, Joseba Beloki o Juan Vallejo, experimentado himalayista.<\/p>\n<p style=\"text-align: justify;\"><img decoding=\"async\" class=\"alignright\" title=\"challenge\" src=\"https:\/\/dl.dropbox.com\/u\/3879676\/triATLETAS\/imatges\/competis\/vitoria\/Maroto%2C%20Viana%2C%20Urrutia%20y%20Llanos.JPG\" alt=\"\" width=\"307\" height=\"206\" \/>A las 12:15 y con puntualidad brit\u00e1nica Javier Maroto, alcalde de Vitoria-Gasteiz, y Felix Walchsh\u00f6fer, Presidente de Challenge Family, toman asiento y nos invitan a secundarles. Tras una breve introducci\u00f3n del alcalde, \u00e9ste cede la palabra a Eneko Llanos. Asegura estar ilusionado por el hecho de que la Challenge Family haya confiado en Vitoria-Gasteiz para ser sede del evento deportivo, y reconoce el trabajo realizado para que se pueda llevar a cabo. Van tomando la palabra las autoridades \u00a0invitadas: Enrique Urrutia (Director de Relaciones Institucionales de URA \u2013 Agencia Vasca del Agua) Francisco Javier Alejo (Director de Publicidad, Imagen y Patrocinios de Kutxabank ), Felix Walchsh\u00f6fer (Presidente de Challenge Family) y Luis Viana (Teniente del Diputado General de \u00c1lava).<\/p>\n<p style=\"text-align: justify;\">Los medios gr\u00e1ficos no para de disparar. La oportunidad lo merece, y es por ello que enciendo mi Nikon (lo siento, pero es que soy nikonista, ten\u00eda que decirlo) y act\u00fao de igual manera que los profesionales, no voy a ser menos. Por lo menos, aparentar ser uno de ellos. Mientras voy tomando notas, utilizo mi m\u00f3vil para realizar peque\u00f1os clips de lo que all\u00ed se dice. Llegado a este momento, me faltan manos para todos los artilugios, pero la ocasi\u00f3n lo merece.<\/p>\n<p style=\"text-align: justify;\">Llega el turno de las preguntas, y.\u00a1aqu\u00ed salta la liebre! No es que se vaya a hacer la Challenge Vitoria en el 2013, sino que se ha firmado un acuerdo para que sea sede tambi\u00e9n durante los a\u00f1os 2014 y 2015. Eso s\u00ed que no lo esper\u00e1bamos. No contentos con poder acudir el a\u00f1o que viene, nos brindan la oportunidad de poder participar en esta prueba de nivel mundial los pr\u00f3ximos dos a\u00f1os. La capital alavesa acoger\u00e1 la prueba, por lo tanto en\u00a0<strong>2013, 2014 y 2015<\/strong>. Esto s\u00ed que no se hab\u00eda o\u00eddo en ning\u00fan foro, ni siquiera como globo sonda. Qu\u00e9 bien se lo ten\u00edan guardado. Peque\u00f1o rumor en la sala, salta la noticia, nadie lo esperaba.<\/p>\n<p style=\"text-align: justify;\">Euskadi en general y Vitoria-Gasteiz en particular, se ha hecho acreedores por m\u00e9ritos propios de semejante privilegio. No en vano es un deporte, el triatl\u00f3n, que lleva a\u00f1os creciendo de forma sostenida. Haciendo las cosas bien desde los clubes. Asentando las bases para llegar al punto de no retorno, tiramos para adelante. Excelentes pruebas a nivel organizativo y participativo. Cupos llenos la mayor\u00eda de las veces. Challenge Family ha sido la guinda del pastel. Un importante motor que tirara del triatl\u00f3n. Javier Maroto, hablaba de un retorno para la ciudad de entre 2,3 y 3 millones de euros. Debo a\u00f1adir, para quienes veng\u00e1is, que podr\u00e9is conocer una ciudad amable, c\u00e1lida y acogedora, y con una ciudadan\u00eda que se vuelca con este tipo de eventos deportivos. Sufriremos, disfrutaremos, pero nunca solos.<\/p>\n<p style=\"text-align: justify;\">Una vez finalizada la rueda de prensa, fotos de rigor junto al cartel anunciador del evento de los m\u00e1ximos protagonistas. Las c\u00e1maras vuelven a disparar sin descanso, \u201cmiren hacia aqu\u00ed, \u201cuna sonrisa por favor\u201d&#8230;Breve charla amistosa con Hektor y Eneko, emplazando a este \u00faltimo a realizar una entrevista, a lo que no pone objeci\u00f3n alguna, todo lo contrario, muestra toda su disposici\u00f3n a la misma. Pronto, tendr\u00e9is ocasi\u00f3n de leerla. Esta gente es grande sobre la bici y sobre todo cuando se visten de calle. Personas humildes, a\u00fan siendo conocedores de que son la \u00e9lite mundial, cercanos, agradables, simp\u00e1ticos. Y se me olvidaba ya, abrid las agendas y anotad el <strong>28 de julio<\/strong>, ese ser\u00e1 el d\u00eda para esta primera edici\u00f3n del Challenge Vitoria-Gasteiz.<\/p>\n<p style=\"text-align: justify;\">Sirvan estas l\u00edneas para dar a conocer lo vivido en la rueda de prensa de algo irrepetible y que gracias al esfuerzo de no poca gente, esperemos se consolide durante m\u00e1s a\u00f1os, en base al acuerdo firmado.<\/p>\n<p style=\"text-align: justify;\">Iker Gallastegi Aizpun<\/p>\n<p style=\"text-align: justify;\"><a class=\"vc_btn vc_btn-red vc_btn-sm vc_btn_square \" href=\"https:\/\/twitter.com\/ikguallas\" rel=\"nofollow noopener\" target=\"_blank\">@ikguallas<\/a><\/p>\n<p><a class=\"vc_btn vc_btn-blue vc_btn-sm vc_btn_square \" href=\"http:\/\/enkarterritriatloi.blogspot.com.es\/\" rel=\"nofollow noopener\" target=\"_blank\">Blog Oficial<\/a><br \/>\n<a class=\"vc_btn vc_btn-blue vc_btn-sm vc_btn_square \" href=\"https:\/\/twitter.com\/EnkarterriTri\" rel=\"nofollow noopener\" target=\"_blank\">@EnkarterriTri<\/a><\/p>\n","protected":false},"excerpt":{"rendered":"<p>Iker Gallastegi estuvo en la presentac\u00f3n de la Challenge Vitoria, y ahora nos lo cuenta para triATLETASenred. Ha llegado el d\u00eda que todos llev\u00e1bamos tiempo esperando. Por fin podremos vivir un triatl\u00f3n distancia Ironman en nuestras tierras. La elegida ha sido Vitoria-Gasteiz, la capital de Euskadi. Aunque lo parezca, Bilbao no es la capital, puede [&hellip;]<\/p>\n","protected":false},"author":6,"featured_media":6052,"comment_status":"closed","ping_status":"open","sticky":false,"template":"","format":"standard","meta":{"_acf_changed":false,"rank_math_lock_modified_date":false,"footnotes":""},"categories":[17],"tags":[366],"class_list":{"0":"post-6051","1":"post","2":"type-post","3":"status-publish","4":"format-standard","5":"has-post-thumbnail","7":"category-actualidad","8":"tag-challenge-vitoria"},"acf":[],"_links":{"self":[{"href":"https:\/\/miurltemporal.com/main/triatletasenred.sport.es\/wp-json\/wp\/v2\/posts\/6051"}],"collection":[{"href":"https:\/\/miurltemporal.com/main/triatletasenred.sport.es\/wp-json\/wp\/v2\/posts"}],"about":[{"href":"https:\/\/miurltemporal.com/main/triatletasenred.sport.es\/wp-json\/wp\/v2\/types\/post"}],"author":[{"embeddable":true,"href":"https:\/\/miurltemporal.com/main/triatletasenred.sport.es\/wp-json\/wp\/v2\/users\/6"}],"replies":[{"embeddable":true,"href":"https:\/\/miurltemporal.com/main/triatletasenred.sport.es\/wp-json\/wp\/v2\/comments?post=6051"}],"version-history":[{"count":0,"href":"https:\/\/miurltemporal.com/main/triatletasenred.sport.es\/wp-json\/wp\/v2\/posts\/6051\/revisions"}],"wp:featuredmedia":[{"embeddable":true,"href":"https:\/\/miurltemporal.com/main/triatletasenred.sport.es\/wp-json\/wp\/v2\/media\/6052"}],"wp:attachment":[{"href":"https:\/\/miurltemporal.com/main/triatletasenred.sport.es\/wp-json\/wp\/v2\/media?parent=6051"}],"wp:term":[{"taxonomy":"category","embeddable":true,"href":"https:\/\/miurltemporal.com/main/triatletasenred.sport.es\/wp-json\/wp\/v2\/categories?post=6051"},{"taxonomy":"post_tag","embeddable":true,"href":"https:\/\/miurltemporal.com/main/triatletasenred.sport.es\/wp-json\/wp\/v2\/tags?post=6051"}],"curies":[{"name":"wp","href":"https:\/\/api.w.org\/{rel}","templated":true}]}}