{"id":60474,"date":"2019-01-15T06:59:33","date_gmt":"2019-01-15T04:59:33","guid":{"rendered":"https:\/\/miurltemporal.com/main/triatletasenred.sport.es\/?p=60474"},"modified":"2019-01-15T00:09:19","modified_gmt":"2019-01-14T22:09:19","slug":"video-espectacular-descenso-la-bici-los-hermanos-brownlee","status":"publish","type":"post","link":"https:\/\/miurltemporal.com/main/triatletasenred.sport.es\/actualidad\/video-espectacular-descenso-la-bici-los-hermanos-brownlee\/","title":{"rendered":"(V\u00cdDEO) \u00a1Espectacular descenso sobre la bici de los hermanos Brownlee!"},"content":{"rendered":"<h3 style=\"text-align: justify;\">Alistair y Jonathan han vuelto a Espa\u00f1a para seguir preparando la temporada 2019. Los hermanos brit\u00e1nicos demuestran en el puerto del Coll de Rates (Alicante) que son aut\u00e9nticos especialistas bajando puertos sobre las dos ruedas.<\/h3>\n<p><a href=\"bhbikes.com\"><img fetchpriority=\"high\" decoding=\"async\" class=\"aligncenter size-full wp-image-59129\" src=\"https:\/\/miurltemporal.com/main/triatletasenred.sport.es\/wp-content\/uploads\/MOLA_700X150_estatica.jpg\" alt=\"\" width=\"700\" height=\"150\" srcset=\"https:\/\/miurltemporal.com/main/triatletasenred.sport.es\/wp-content\/uploads\/MOLA_700X150_estatica.jpg 700w, https:\/\/miurltemporal.com/main/triatletasenred.sport.es\/wp-content\/uploads\/MOLA_700X150_estatica-300x64.jpg 300w, https:\/\/miurltemporal.com/main/triatletasenred.sport.es\/wp-content\/uploads\/MOLA_700X150_estatica-640x137.jpg 640w\" sizes=\"(max-width: 700px) 100vw, 700px\" \/><\/a><\/p>\n<p style=\"text-align: justify;\">Los hermanos Brownlee est\u00e1n de vuelta por Espa\u00f1a. Tras pasar las fiestas navide\u00f1as en Reino Unido, Alistair y Jonathan han regresado a Alicante para seguir con su preparaci\u00f3n de la temporada 2019. All\u00ed, tal y como os cont\u00e1bamos hace unos d\u00edas, <a href=\"https:\/\/miurltemporal.com/main/triatletasenred.sport.es\/actualidad\/training-camp-hermanos-brownlee-2018\/\">han ubicado su &#8220;centro de operaciones&#8221; este invierno<\/a> y parece ser que no les va nada mal. Tras poder comprobar en su canal de Youtube que ambos est\u00e1n entrenando al 100%, el domingo Alistair se llev\u00f3 la victoria en la primera etapa de la Volta a La Marina (Valencia).<\/p>\n<p style=\"text-align: justify;\">Pero el espectacular triunfo del mayor de los Brownlee en esta carrera ciclista en la que participaron 150 corredorees no es la \u00faltima noticia que tenemos de la pareja de hermanos. El mismo domingo, Alistair y Brownlee publicaron en Youtube un v\u00eddeo de su \u00faltimo entreno sobre la bicicleta. Tras subir el Coll de Rates, un puerto de monta\u00f1a de la provincia de Alicante, Alistair grab\u00f3 su descenso y el de Jonathan con una c\u00e1mara deportiva. Unas im\u00e1genes sin desperdicio que nos dejan claro que los brit\u00e1nicos no s\u00f3lo saben subir&#8230; \u00a1Tambi\u00e9n bajan a toda velocidad!<\/p>\n<div class=\"youtube-embed\" data-video_id=\"K77rmB5kK38\"><iframe title=\"Descending tips from the Brownlee brothers\" width=\"696\" height=\"392\" src=\"https:\/\/www.youtube.com\/embed\/K77rmB5kK38?feature=oembed&#038;enablejsapi=1\" frameborder=\"0\" allow=\"accelerometer; autoplay; clipboard-write; encrypted-media; gyroscope; picture-in-picture; web-share\" allowfullscreen><\/iframe><\/div>\n","protected":false},"excerpt":{"rendered":"<p>Los hermanos brit\u00e1nicos demuestran en el puerto del Coll de Rates (Alicante) que son aut\u00e9nticos especialistas bajando puertos sobre\u00a0 las dos ruedas.\u00a0<\/p>\n","protected":false},"author":302,"featured_media":60113,"comment_status":"closed","ping_status":"closed","sticky":false,"template":"","format":"standard","meta":{"_acf_changed":false,"rank_math_lock_modified_date":false,"footnotes":""},"categories":[17,2033],"tags":[2630,6411,2426],"class_list":{"0":"post-60474","1":"post","2":"type-post","3":"status-publish","4":"format-standard","5":"has-post-thumbnail","7":"category-actualidad","11":"tag-jonathan-brownlee"},"acf":[],"_links":{"self":[{"href":"https:\/\/miurltemporal.com/main/triatletasenred.sport.es\/wp-json\/wp\/v2\/posts\/60474"}],"collection":[{"href":"https:\/\/miurltemporal.com/main/triatletasenred.sport.es\/wp-json\/wp\/v2\/posts"}],"about":[{"href":"https:\/\/miurltemporal.com/main/triatletasenred.sport.es\/wp-json\/wp\/v2\/types\/post"}],"author":[{"embeddable":true,"href":"https:\/\/miurltemporal.com/main/triatletasenred.sport.es\/wp-json\/wp\/v2\/users\/302"}],"replies":[{"embeddable":true,"href":"https:\/\/miurltemporal.com/main/triatletasenred.sport.es\/wp-json\/wp\/v2\/comments?post=60474"}],"version-history":[{"count":0,"href":"https:\/\/miurltemporal.com/main/triatletasenred.sport.es\/wp-json\/wp\/v2\/posts\/60474\/revisions"}],"wp:featuredmedia":[{"embeddable":true,"href":"https:\/\/miurltemporal.com/main/triatletasenred.sport.es\/wp-json\/wp\/v2\/media\/60113"}],"wp:attachment":[{"href":"https:\/\/miurltemporal.com/main/triatletasenred.sport.es\/wp-json\/wp\/v2\/media?parent=60474"}],"wp:term":[{"taxonomy":"category","embeddable":true,"href":"https:\/\/miurltemporal.com/main/triatletasenred.sport.es\/wp-json\/wp\/v2\/categories?post=60474"},{"taxonomy":"post_tag","embeddable":true,"href":"https:\/\/miurltemporal.com/main/triatletasenred.sport.es\/wp-json\/wp\/v2\/tags?post=60474"}],"curies":[{"name":"wp","href":"https:\/\/api.w.org\/{rel}","templated":true}]}}