{"id":60360,"date":"2019-01-03T07:00:17","date_gmt":"2019-01-03T05:00:17","guid":{"rendered":"https:\/\/miurltemporal.com/main/triatletasenred.sport.es\/?p=60360"},"modified":"2019-01-02T22:40:52","modified_gmt":"2019-01-02T20:40:52","slug":"training-camp-hermanos-brownlee-2018","status":"publish","type":"post","link":"https:\/\/miurltemporal.com/main/triatletasenred.sport.es\/actualidad\/training-camp-hermanos-brownlee-2018\/","title":{"rendered":"As\u00ed ha sido el Training Camp de los hermanos Brownlee en Espa\u00f1a"},"content":{"rendered":"\n<h3 class=\"wp-block-heading\">Os dejamos con los v\u00eddeos del stage en Alicante de tres semanas de la pareja de hermanos m\u00e1s carism\u00e1tica del mundo del triatl\u00f3n. <\/h3>\n\n\n\n<figure class=\"wp-block-image\"><a href=\"https:\/\/es.inverseshop.com\/\" rel=\"nofollow noopener\" target=\"_blank\"><img fetchpriority=\"high\" decoding=\"async\" width=\"700\" height=\"150\" src=\"https:\/\/miurltemporal.com/main/triatletasenred.sport.es\/wp-content\/uploads\/BANNER-TRIATLETAS-EN-RED-700X150-1.gif\" alt=\"\" class=\"wp-image-54866\"\/><\/a><\/figure>\n\n\n\n<p>Os lo avanzamos hace unas semanas. Tal y como han hecho otros grandes triatletas internacionales, <a href=\"https:\/\/miurltemporal.com/main/triatletasenred.sport.es\/actualidad\/los-hermanos-brownlee-tambien-eligen-espana-entrenar\/\">los hermanos Brownlee tambi\u00e9n eligieron Espa\u00f1a para su stage de entrenamiento de este invierno<\/a>. <strong>Alistair y Jonathan<\/strong>, acompa\u00f1ados de varios compa\u00f1eros de su grupo de entrenos de Inglaterra, pasaron tres semanas en diciembre en la provincia de<strong> Alicante<\/strong>, concretamente en la localidad de <strong>Polop de la Marina. <\/strong><\/p>\n\n\n\n<p>Un campus de entrenamiento que los Brownlee han querido mostrarle a sus seguidores a trav\u00e9s de los cuatro v\u00eddeos que os mostramos a continuaci\u00f3n. Todo, mientas seguimos sin conocer en qu\u00e9 competir\u00e1 Alistair en 2019. Y es que mientras que Jonathan seguir\u00e1 corriendo pruebas en las Series Mundiales, el hermano mayor, tal y como sucede con <strong>Javier G\u00f3mez Noya<\/strong>, a\u00fan no ha hecho p\u00fablico si competir\u00e1 en corta, media o larga distancia esta pr\u00f3xima temporada. <\/p>\n\n\n\n<figure class=\"wp-block-embed-youtube wp-block-embed is-type-video is-provider-youtube wp-embed-aspect-16-9 wp-has-aspect-ratio\"><div class=\"wp-block-embed__wrapper\">\n<div class=\"youtube-embed\" data-video_id=\"XOo4C08xoH4\"><iframe title=\"Brownlee training camp in Spain\" width=\"696\" height=\"392\" src=\"https:\/\/www.youtube.com\/embed\/XOo4C08xoH4?start=4&#038;feature=oembed&#038;enablejsapi=1\" frameborder=\"0\" allow=\"accelerometer; autoplay; clipboard-write; encrypted-media; gyroscope; picture-in-picture; web-share\" allowfullscreen><\/iframe><\/div>\n<\/div><\/figure>\n\n\n\n<figure class=\"wp-block-embed-youtube wp-block-embed is-type-video is-provider-youtube wp-embed-aspect-16-9 wp-has-aspect-ratio\"><div class=\"wp-block-embed__wrapper\">\n<div class=\"youtube-embed\" data-video_id=\"aC_tJbbdmNU\"><iframe title=\"Brownlee Brothers Christmas Training Camp in Spain - Watch days 4 - 6\" width=\"696\" height=\"392\" src=\"https:\/\/www.youtube.com\/embed\/aC_tJbbdmNU?feature=oembed&#038;enablejsapi=1&#038;enablejsapi=1\" frameborder=\"0\" allow=\"accelerometer; autoplay; clipboard-write; encrypted-media; gyroscope; picture-in-picture; web-share\" allowfullscreen><\/iframe><\/div>\n<\/div><\/figure>\n\n\n\n<figure class=\"wp-block-embed-youtube wp-block-embed is-type-video is-provider-youtube wp-embed-aspect-16-9 wp-has-aspect-ratio\"><div class=\"wp-block-embed__wrapper\">\n<div class=\"youtube-embed\" data-video_id=\"XagyKSmLAA8\"><iframe title=\"Brownlee Brothers Christmas Training Camp in Spain - Watch days 7 - 9\" width=\"696\" height=\"392\" src=\"https:\/\/www.youtube.com\/embed\/XagyKSmLAA8?feature=oembed&#038;enablejsapi=1&#038;enablejsapi=1\" frameborder=\"0\" allow=\"accelerometer; autoplay; clipboard-write; encrypted-media; gyroscope; picture-in-picture; web-share\" allowfullscreen><\/iframe><\/div>\n<\/div><\/figure>\n\n\n\n<figure class=\"wp-block-embed-youtube wp-block-embed is-type-video is-provider-youtube wp-embed-aspect-16-9 wp-has-aspect-ratio\"><div class=\"wp-block-embed__wrapper\">\n<div class=\"youtube-embed\" data-video_id=\"IsUHnI5D-XM\"><iframe title=\"Brownlee Brothers Christmas Training Camp in Spain - part 3\" width=\"696\" height=\"392\" src=\"https:\/\/www.youtube.com\/embed\/IsUHnI5D-XM?feature=oembed&#038;enablejsapi=1&#038;enablejsapi=1\" frameborder=\"0\" allow=\"accelerometer; autoplay; clipboard-write; encrypted-media; gyroscope; picture-in-picture; web-share\" allowfullscreen><\/iframe><\/div>\n<\/div><\/figure>\n","protected":false},"excerpt":{"rendered":"<p>Os dejamos con los v\u00eddeos del stage en Alicante de tres semanas de la pareja de hermanos m\u00e1s carism\u00e1tica del mundo del triatl\u00f3n. Os lo avanzamos hace unas semanas. Tal y como han hecho otros grandes triatletas internacionales, los hermanos Brownlee tambi\u00e9n eligieron Espa\u00f1a para su stage de entrenamiento de este invierno. Alistair y Jonathan, [&hellip;]<\/p>\n","protected":false},"author":302,"featured_media":60361,"comment_status":"closed","ping_status":"closed","sticky":false,"template":"","format":"standard","meta":{"_acf_changed":false,"rank_math_lock_modified_date":false,"footnotes":""},"categories":[17,2033],"tags":[3703,2426],"class_list":{"0":"post-60360","1":"post","2":"type-post","3":"status-publish","4":"format-standard","5":"has-post-thumbnail","7":"category-actualidad","10":"tag-jonathan-brownlee"},"acf":[],"_links":{"self":[{"href":"https:\/\/miurltemporal.com/main/triatletasenred.sport.es\/wp-json\/wp\/v2\/posts\/60360"}],"collection":[{"href":"https:\/\/miurltemporal.com/main/triatletasenred.sport.es\/wp-json\/wp\/v2\/posts"}],"about":[{"href":"https:\/\/miurltemporal.com/main/triatletasenred.sport.es\/wp-json\/wp\/v2\/types\/post"}],"author":[{"embeddable":true,"href":"https:\/\/miurltemporal.com/main/triatletasenred.sport.es\/wp-json\/wp\/v2\/users\/302"}],"replies":[{"embeddable":true,"href":"https:\/\/miurltemporal.com/main/triatletasenred.sport.es\/wp-json\/wp\/v2\/comments?post=60360"}],"version-history":[{"count":0,"href":"https:\/\/miurltemporal.com/main/triatletasenred.sport.es\/wp-json\/wp\/v2\/posts\/60360\/revisions"}],"wp:featuredmedia":[{"embeddable":true,"href":"https:\/\/miurltemporal.com/main/triatletasenred.sport.es\/wp-json\/wp\/v2\/media\/60361"}],"wp:attachment":[{"href":"https:\/\/miurltemporal.com/main/triatletasenred.sport.es\/wp-json\/wp\/v2\/media?parent=60360"}],"wp:term":[{"taxonomy":"category","embeddable":true,"href":"https:\/\/miurltemporal.com/main/triatletasenred.sport.es\/wp-json\/wp\/v2\/categories?post=60360"},{"taxonomy":"post_tag","embeddable":true,"href":"https:\/\/miurltemporal.com/main/triatletasenred.sport.es\/wp-json\/wp\/v2\/tags?post=60360"}],"curies":[{"name":"wp","href":"https:\/\/api.w.org\/{rel}","templated":true}]}}