{"id":60232,"date":"2018-12-24T07:00:13","date_gmt":"2018-12-24T05:00:13","guid":{"rendered":"https:\/\/miurltemporal.com/main/triatletasenred.sport.es\/?p=60232"},"modified":"2018-12-24T11:52:52","modified_gmt":"2018-12-24T09:52:52","slug":"entrevista-pablo-dapena","status":"publish","type":"post","link":"https:\/\/miurltemporal.com/main/triatletasenred.sport.es\/actualidad\/entrevista-pablo-dapena\/","title":{"rendered":"Pablo Dapena: &#8220;La palabra presi\u00f3n ha salido de mi cabeza, trato de disfrutar cada momento&#8221;"},"content":{"rendered":"<h3 style=\"text-align: justify;\">Entrevistamos al campe\u00f3n del mundo ITU LD tras la mejor temporada de su carrera. Pablo Dapena hace balance de su 2018 y nos habla de sus objetivos de futuro.<\/h3>\n<p><a href=\"https:\/\/es.inverseshop.com\/triatlon\" rel=\"nofollow noopener\" target=\"_blank\"><img fetchpriority=\"high\" decoding=\"async\" class=\"aligncenter size-full wp-image-54866\" src=\"https:\/\/miurltemporal.com/main/triatletasenred.sport.es\/wp-content\/uploads\/BANNER-TRIATLETAS-EN-RED-700X150-1.gif\" alt=\"\" width=\"700\" height=\"150\" \/><\/a><\/p>\n<p style=\"text-align: justify;\">Campe\u00f3n del Mundial ITU LD, vencedor del ranking Challenge junto al gran Sebastian Kienle, reciente fichaje del potente equipo BMC-Vifit Sport Pro Triathlon Team&#8230; El 2018 de Pablo Dapena ser\u00e1 dif\u00edcil de olvidar para \u00e9l y para todos los aficionados de este deporte. Conversamos con \u00e9l para valorar c\u00f3mo ha ido la temporada y para conocer cu\u00e1les ser\u00e1n sus aspiraciones de futuro tras consolidarse como un triatleta de nivel internacional.<\/p>\n<p style=\"text-align: justify;\"><strong>\u00a1Buenas, Pablo! Has hecho un a\u00f1o fant\u00e1stico. Para comenzar haciendo un poco de balance, \u00bfcon qu\u00e9 te quedar\u00edas de este 2018?<\/strong><\/p>\n<p style=\"text-align: justify;\">Bien, creo que ha sido una temporada en la que he invertido mucho y en la que ha salido todo bien. He sido muy regular y eso es algo muy complicado. Creo que no ha habido ninguna prueba en la que hayan salido las cosas mal, aunque es cierto que en Challenge de Praga (acab\u00f3 2\u00ba por detr\u00e1s de Javier G\u00f3mez Noya) es en la que peores sensaciones he tenido porque pienso que no respet\u00e9 bien el descanso despu\u00e9s de haber competido dos semanas antes. Estoy muy orgulloso porque nunca hab\u00eda estado a un nivel tan grande. S\u00e9 que lo complicado viene ahora y que ser\u00e1 dif\u00edcil de igualar porque lo dif\u00edcil no es llegar, es mantenerse. Por eso respeto tanto a gente como Javi, Kienle, Frodeno&#8230;<\/p>\n<p style=\"text-align: justify;\"><strong>\u00bfCu\u00e1l ha sido el momento m\u00e1s especial de esta temporada?<\/strong><\/p>\n<p style=\"text-align: justify;\">Me quedar\u00eda con dos momentos. Uno, obviamente, el Mundial. Y dos, la victoria en Challenge Mog\u00e1n. All\u00ed no s\u00f3lo gan\u00e9 a Patrick Lange (campe\u00f3n del mundo Ironman en 2017 y 2018), sino tambi\u00e9n a Andi Boecherer, Bart Aernouts, Patrick Nilsson&#8230; haber ganado all\u00ed me hace sentir muy orgulloso. Respecto al Mundial ITU LD, a pesar de que no hubiera tanto nivel como en otras ediciones sigue siendo una carrera de mucho prestigio y muy competida as\u00ed que tambi\u00e9n hay que darle \u00e9nfasis.<\/p>\n<p style=\"text-align: justify;\"><strong>Tras el par\u00f3n de vacaciones, \u00bfc\u00f3mo encaras estos meses de pretemporada y cu\u00e1ndo volver\u00e1s a competir?\u00a0<\/strong><\/p>\n<p style=\"text-align: justify;\">Bueno, \u00a1vacaciones entre comillas! Tengo un \u00fanico mes de descanso al a\u00f1o y lo aprovecho para hacer gestiones que no puedo hacer durante el resto del a\u00f1o. Mi objetivo es entrenar durante estos meses para abrir la temporada <img decoding=\"async\" class=\" wp-image-57544 alignleft\" src=\"https:\/\/miurltemporal.com/main/triatletasenred.sport.es\/wp-content\/uploads\/pablo-dapena-challenge-mogan.jpg\" alt=\"\" width=\"405\" height=\"257\" srcset=\"https:\/\/miurltemporal.com/main/triatletasenred.sport.es\/wp-content\/uploads\/pablo-dapena-challenge-mogan.jpg 716w, https:\/\/miurltemporal.com/main/triatletasenred.sport.es\/wp-content\/uploads\/pablo-dapena-challenge-mogan-700x444.jpg 700w, https:\/\/miurltemporal.com/main/triatletasenred.sport.es\/wp-content\/uploads\/pablo-dapena-challenge-mogan-300x190.jpg 300w, https:\/\/miurltemporal.com/main/triatletasenred.sport.es\/wp-content\/uploads\/pablo-dapena-challenge-mogan-696x441.jpg 696w, https:\/\/miurltemporal.com/main/triatletasenred.sport.es\/wp-content\/uploads\/pablo-dapena-challenge-mogan-662x420.jpg 662w\" sizes=\"(max-width: 405px) 100vw, 405px\" \/>probablemente con la Liga de Clubes de duatl\u00f3n en Punta Umbr\u00eda y con el Challenge de Salou a finales de marzo y principios de abril.<\/p>\n<p style=\"text-align: justify;\"><strong>Recientemente se hizo oficial tu fichaje por el BMC-Vifit Sport Pro Triathlon Team. \u00bfQu\u00e9 mejoras o beneficios te puede aportar unirte al club belga?<\/strong><\/p>\n<p style=\"text-align: justify;\">Creo que este fichaje no cambiar\u00e1 grandes cosas. Es cierto que en temas medi\u00e1ticos o de eventos con sponsors me variar\u00e1 algunos planes en comparaci\u00f3n a temporadas anteriores. Fichar por el BMC-Vifiit Sport es gran un salto de calidad y me permitir\u00e1 contar con sus patrocinadores, que son marcas importantes.<\/p>\n<p style=\"text-align: justify;\"><strong>\u00bfTe marcar\u00e1n ellos las competiciones que tendr\u00e1s que correr?<\/strong><\/p>\n<p style=\"text-align: justify;\">No, ellos no me pautan las pruebas en las que competir\u00e9 durante el 2019 pero es cierto que les interesa asistir al Campeonato del Mundo de Ironman 70.3 y es algo que a mi tambi\u00e9n me atrae. Por lo dem\u00e1s, fichar por ellos no me cambia la rutina. Volver\u00e9 a estar, por ejemplo, dos meses en Sands Beach, en Lanzarote.<\/p>\n<p style=\"text-align: justify;\"><strong>Will Clarke, Patrick Nilsson&#8230; \u00bfSientes presi\u00f3n por unirte a un equipo que cuenta con algunos de los mejores triatletas del mundo?<\/strong><\/p>\n<p style=\"text-align: justify;\">Yo no siento nada de presi\u00f3n. Desde hace dos o tres a\u00f1os esa palabra ha desaparecido de mi cabeza, trato de disfrutar de cada momento. Considero que fichar por el BMC-Vifit Sport s\u00f3lo har\u00e1 que beneficiarme y que podremos comprenetarnos y ayudarnos para preparar la temporada cuando entrenemos juntos en Sands Beach, por ejemplo.<\/p>\n<p style=\"text-align: justify;\"><strong>La mayor\u00eda de los triatletas del equipo son especialistas en pruebas de distancia Ironman. \u00bfPlaneas dar el salto a la Larga Distancia y correr alg\u00fan d\u00eda en Kona?<\/strong><\/p>\n<p style=\"text-align: justify;\">No se me pasa por la cabeza. Clasificarme para Kona no entra en mis planes, seguir\u00e9 enfocado a la Media Distancia y a los 70.3 porque creo que es una distancia en la que me encuentro c\u00f3modo. Tambi\u00e9n me siento bien en la distancia<img decoding=\"async\" class=\" wp-image-59185 alignright\" src=\"https:\/\/miurltemporal.com/main/triatletasenred.sport.es\/wp-content\/uploads\/Pablo-Dapena-Challenge-Madrid.jpg\" alt=\"\" width=\"359\" height=\"285\" srcset=\"https:\/\/miurltemporal.com/main/triatletasenred.sport.es\/wp-content\/uploads\/Pablo-Dapena-Challenge-Madrid.jpg 476w, https:\/\/miurltemporal.com/main/triatletasenred.sport.es\/wp-content\/uploads\/Pablo-Dapena-Challenge-Madrid-300x238.jpg 300w\" sizes=\"(max-width: 359px) 100vw, 359px\" \/> del Mundial ITU y hoy por hoy la distancia Ironman no me motiva. Este a\u00f1o corr\u00ed el Challenge Madrid, que era una carrera de Larga Distancia, porque me jugaba el circuito Challenge. Y la verdad es que a pesar de ir &#8220;obligado&#8221; por ello me sali\u00f3 bien la jugada pero no es algo que a d\u00eda de hoy me motive.<\/p>\n<p style=\"text-align: justify;\"><strong>\u00bfEntonces tu objetivo principal para 2019 ser\u00e1 clasificarte para el Campeonato del Mundo de Ironman 70.3?<\/strong><\/p>\n<p style=\"text-align: justify;\">S\u00ed, ese ser\u00e1 el gran objetivo y quiero recalcar que no es un objetivo f\u00e1cil. Para estar en un Mundial 70.3 tienes que ganar antes un 70.3 y ya sea en Taiwan, en Europa o en Am\u00e9rica, no es nada sencillo, m\u00e1s all\u00e1 de lo que quiera opinar la gente. Adem\u00e1s, como ya he hecho en 2018, quiero volver a intentarlo en el circuito Challenge pero todo depende de cu\u00e1nto tarde en lograr un billete para el Mundial 70.3 porque si no lo consigo en los primeros intentos no tendr\u00e9 tiempo de preparar carreras Challenge. Todo ir\u00e1 dependiendo de los resultados.<\/p>\n<p style=\"text-align: justify;\"><strong>Tu ciudad, Pontevedra, acoger\u00e1 el Mundial ITU de Larga Distancia en mayo de 2019. \u00bfTienes en mente luchar por revalidar el t\u00edtulo en casa?\u00a0<\/strong><\/p>\n<p style=\"text-align: justify;\">Es obvio que para m\u00ed es una carrera especial. Si un Mundial no se compite todos los d\u00edas, imag\u00ednate hacerlo en casa. Revalidar ser\u00eda algo muy bonito, hist\u00f3rico. Pero seguramente all\u00ed tambi\u00e9n corra un compa\u00f1ero m\u00edo de entrenamientos que se llama Javier G\u00f3mez Noya y no creo que sea f\u00e1cil (r\u00ede). Javi es una persona muy competitiva, rinde en todas las distancias y no ser\u00e1 el \u00fanico que corra en Pontevedra: estar\u00e1 Gustavo Rodr\u00edguez y gente de otros pa\u00edses que no lo pondr\u00e1n f\u00e1cil. Adem\u00e1s, para m\u00ed competir a principios de mayo no es algo bueno as\u00ed que ya se ver\u00e1.<\/p>\n<p style=\"text-align: justify;\"><strong>Para acabar, \u00bfqu\u00e9 deseo pedir\u00edas para 2019?<\/strong><\/p>\n<p style=\"text-align: justify;\">Sin duda, que sea igual que 2018. Creo que ahora mismo firmar\u00eda igualar esta temporada as\u00ed que si lo consiguiera no me pondr\u00eda ninguna pega.<\/p>\n","protected":false},"excerpt":{"rendered":"<p>Entrevistamos al campe\u00f3n del mundo ITU LD tras la mejor temporada de su carrera. Pablo Dapena hace balance del 2018 y nos habla de sus objetivos de futuro.<\/p>\n","protected":false},"author":302,"featured_media":60130,"comment_status":"closed","ping_status":"closed","sticky":false,"template":"","format":"standard","meta":{"_acf_changed":false,"rank_math_lock_modified_date":false,"footnotes":""},"categories":[17,10,2033],"tags":[1652,2483,6362],"class_list":{"0":"post-60232","1":"post","2":"type-post","3":"status-publish","4":"format-standard","5":"has-post-thumbnail","7":"category-actualidad","8":"category-entrevistas-triatlon","9":"category-sport","10":"tag-ironman-70-3","11":"tag-pablo-dapena","12":"tag-pontevedra-2019"},"acf":[],"_links":{"self":[{"href":"https:\/\/miurltemporal.com/main/triatletasenred.sport.es\/wp-json\/wp\/v2\/posts\/60232"}],"collection":[{"href":"https:\/\/miurltemporal.com/main/triatletasenred.sport.es\/wp-json\/wp\/v2\/posts"}],"about":[{"href":"https:\/\/miurltemporal.com/main/triatletasenred.sport.es\/wp-json\/wp\/v2\/types\/post"}],"author":[{"embeddable":true,"href":"https:\/\/miurltemporal.com/main/triatletasenred.sport.es\/wp-json\/wp\/v2\/users\/302"}],"replies":[{"embeddable":true,"href":"https:\/\/miurltemporal.com/main/triatletasenred.sport.es\/wp-json\/wp\/v2\/comments?post=60232"}],"version-history":[{"count":0,"href":"https:\/\/miurltemporal.com/main/triatletasenred.sport.es\/wp-json\/wp\/v2\/posts\/60232\/revisions"}],"wp:featuredmedia":[{"embeddable":true,"href":"https:\/\/miurltemporal.com/main/triatletasenred.sport.es\/wp-json\/wp\/v2\/media\/60130"}],"wp:attachment":[{"href":"https:\/\/miurltemporal.com/main/triatletasenred.sport.es\/wp-json\/wp\/v2\/media?parent=60232"}],"wp:term":[{"taxonomy":"category","embeddable":true,"href":"https:\/\/miurltemporal.com/main/triatletasenred.sport.es\/wp-json\/wp\/v2\/categories?post=60232"},{"taxonomy":"post_tag","embeddable":true,"href":"https:\/\/miurltemporal.com/main/triatletasenred.sport.es\/wp-json\/wp\/v2\/tags?post=60232"}],"curies":[{"name":"wp","href":"https:\/\/api.w.org\/{rel}","templated":true}]}}