{"id":59946,"date":"2018-11-30T07:00:12","date_gmt":"2018-11-30T05:00:12","guid":{"rendered":"https:\/\/miurltemporal.com/main/triatletasenred.sport.es\/?p=59946"},"modified":"2018-11-30T02:02:35","modified_gmt":"2018-11-30T00:02:35","slug":"increible-historia-patrick-lange","status":"publish","type":"post","link":"https:\/\/miurltemporal.com/main/triatletasenred.sport.es\/actualidad\/increible-historia-patrick-lange\/","title":{"rendered":"La incre\u00edble historia de Patrick Lange"},"content":{"rendered":"<h3 style=\"text-align: justify;\">El alem\u00e1n, campe\u00f3n de los \u00faltimos dos Campeonatos del Mundo Ironman, anima a la gente a luchar por sus sue\u00f1os tal y como hizo \u00e9l: en tres a\u00f1os pas\u00f3 de trabajar como fisioterapeuta a ganar\u00a0dos t\u00edtulos en Kona.<\/h3>\n<p><a href=\"https:\/\/zone3.es\/\" rel=\"nofollow noopener\" target=\"_blank\"><img fetchpriority=\"high\" decoding=\"async\" class=\"aligncenter size-full wp-image-58904\" src=\"https:\/\/miurltemporal.com/main/triatletasenred.sport.es\/wp-content\/uploads\/zone3-nuevo-1.gif\" alt=\"\" width=\"746\" height=\"149\" \/><\/a><\/p>\n<p style=\"text-align: justify;\">A veces los sue\u00f1os se cumplen. Y\u00a0 aquellos que no se lo crean, que le pregunten a <a href=\"https:\/\/miurltemporal.com/main/triatletasenred.sport.es\/?s=patrick+lange\"><strong>Patrick Lange<\/strong><\/a>, campe\u00f3n del mundo Ironman en los \u00faltimos dos a\u00f1os. Un &#8220;s\u00faper-hombre&#8221; capaz de llegar a meta en Kona en <strong>7h y 52&#8242;<\/strong>, <strong>el mejor registro de la historia<\/strong> en la prueba m\u00e1s m\u00edtica de todas. Un triatleta que ahora est\u00e1 en lo m\u00e1s alto pero que hace menos tiempo de lo que muchos creen todav\u00eda no era profesional.<\/p>\n<p style=\"text-align: justify;\">El alem\u00e1n lo ha recordado en su \u00faltima publicaci\u00f3n de Instagram: &#8220;<strong>hace tres a\u00f1os no ten\u00eda patrocinadores y trabajaba como fisioterapeuta.<\/strong> Lleg\u00f3 un momento, en 2015, en el que supe que ten\u00eda que tomar una decisi\u00f3n y lo arriesgu\u00e9 todo&#8221;. Todos sabemos que sucedi\u00f3 tres temporadas despu\u00e9s, pero esos dos Mundiales Ironman no se ganan sin el enorme trabajo que hay detr\u00e1s.<\/p>\n<p style=\"text-align: justify;\">Patrick Lange apost\u00f3 por comenzar una carrera profesional tras toda una vida ligada al deporte. <strong>Comenz\u00f3 a entrenar con 12 a\u00f1os<\/strong> junto a su padre, que preparaba maratones. Desde joven ya despunt\u00f3 y <strong>con 15 a\u00f1os lleg\u00f3 a ganar un Campeonato de Alemania de MTB<\/strong> en su categor\u00eda. Poco tiempo m\u00e1s tarde, uno de sus entrenadores le hizo descubrir el triatl\u00f3n y tard\u00f3 poco en dejar claro que pod\u00eda nadar, pedalear y correr en una misma prueba a un gran nivel.\u00a0Tras superar la veintena de edad ya logr\u00f3 sus primeros triunfos internacionales por equipos y en 2014\u00a0paso a entrenar con su actual preparador,<strong> Faris Al Sultan<\/strong> (ganador en Kona 2005). Dos a\u00f1os m\u00e1s tarde, <strong>en 2016, Lange ganar\u00eda su primer Ironman, en Texas<\/strong>. Aquello supuso su primer billete para competir en el Campeonato del Mundo, en Hawaii.<\/p>\n<p style=\"text-align: justify;\">Marc\u00f3 el mejor registro del marat\u00f3n en <strong>Kona 2016 y lleg\u00f3 a meta el 3\u00ba.<\/strong> Pero cerrar el podio del Ironman m\u00e1s importante del mundo unos meses despu\u00e9s de hacerse profesional no le pareci\u00f3 suficiente. \u00c9l hab\u00eda so\u00f1ado con ganar y esos dos triunfos, en 2017 y en 2018, lo demuestran:<strong> si lo sue\u00f1as, puedes lograrlo.\u00a0<\/strong><\/p>\n<p>https:\/\/www.instagram.com\/p\/BqvLOlfhsLo\/?utm_source=ig_web_button_share_sheet<\/p>\n","protected":false},"excerpt":{"rendered":"<p>El alem\u00e1n explica c\u00f3mo pas\u00f3 de trabajar de fisioterapeuta a ganar en 2 veces Kona en s\u00f3lo 3 a\u00f1os y anima a la gente a que luche por sus sue\u00f1os.<\/p>\n","protected":false},"author":302,"featured_media":59379,"comment_status":"closed","ping_status":"closed","sticky":false,"template":"","format":"standard","meta":{"_acf_changed":false,"rank_math_lock_modified_date":false,"footnotes":""},"categories":[17,2033],"tags":[6371,6282,6291],"class_list":{"0":"post-59946","1":"post","2":"type-post","3":"status-publish","4":"format-standard","5":"has-post-thumbnail","7":"category-actualidad","8":"category-sport","9":"tag-faris-al-sultan","10":"tag-kona-2018","11":"tag-patrick-lange"},"acf":[],"_links":{"self":[{"href":"https:\/\/miurltemporal.com/main/triatletasenred.sport.es\/wp-json\/wp\/v2\/posts\/59946"}],"collection":[{"href":"https:\/\/miurltemporal.com/main/triatletasenred.sport.es\/wp-json\/wp\/v2\/posts"}],"about":[{"href":"https:\/\/miurltemporal.com/main/triatletasenred.sport.es\/wp-json\/wp\/v2\/types\/post"}],"author":[{"embeddable":true,"href":"https:\/\/miurltemporal.com/main/triatletasenred.sport.es\/wp-json\/wp\/v2\/users\/302"}],"replies":[{"embeddable":true,"href":"https:\/\/miurltemporal.com/main/triatletasenred.sport.es\/wp-json\/wp\/v2\/comments?post=59946"}],"version-history":[{"count":0,"href":"https:\/\/miurltemporal.com/main/triatletasenred.sport.es\/wp-json\/wp\/v2\/posts\/59946\/revisions"}],"wp:featuredmedia":[{"embeddable":true,"href":"https:\/\/miurltemporal.com/main/triatletasenred.sport.es\/wp-json\/wp\/v2\/media\/59379"}],"wp:attachment":[{"href":"https:\/\/miurltemporal.com/main/triatletasenred.sport.es\/wp-json\/wp\/v2\/media?parent=59946"}],"wp:term":[{"taxonomy":"category","embeddable":true,"href":"https:\/\/miurltemporal.com/main/triatletasenred.sport.es\/wp-json\/wp\/v2\/categories?post=59946"},{"taxonomy":"post_tag","embeddable":true,"href":"https:\/\/miurltemporal.com/main/triatletasenred.sport.es\/wp-json\/wp\/v2\/tags?post=59946"}],"curies":[{"name":"wp","href":"https:\/\/api.w.org\/{rel}","templated":true}]}}