{"id":59740,"date":"2018-11-13T06:59:13","date_gmt":"2018-11-13T04:59:13","guid":{"rendered":"https:\/\/miurltemporal.com/main/triatletasenred.sport.es\/?p=59740"},"modified":"2018-11-13T10:38:12","modified_gmt":"2018-11-13T08:38:12","slug":"pedro-delgado-porunaleyjusta-las-promesas-se-las-lleva-viento","status":"publish","type":"post","link":"https:\/\/miurltemporal.com/main/triatletasenred.sport.es\/actualidad\/pedro-delgado-porunaleyjusta-las-promesas-se-las-lleva-viento\/","title":{"rendered":"Perico Delgado: &#8220;Las promesas se las lleva el viento&#8221; #PorUnaLeyJusta"},"content":{"rendered":"<h3 style=\"text-align: justify;\">El ex ciclista da voz a Anna Gonz\u00e1lez, impulsora de #PorUnaLeyJusta,\u00a0en relaci\u00f3n a la futura reforma de la ley que afecta a los accidentes de tr\u00e1fico\u00a0con v\u00edctimas ciclistas. Los partidos pol\u00edticos no han trasladado al Congreso lo inicialmente prometido.<\/h3>\n<p style=\"text-align: justify;\"><a href=\"https:\/\/es.inverseshop.com\/triatlon\" rel=\"nofollow noopener\" target=\"_blank\"><img fetchpriority=\"high\" decoding=\"async\" class=\"aligncenter size-full wp-image-54866\" src=\"https:\/\/miurltemporal.com/main/triatletasenred.sport.es\/wp-content\/uploads\/BANNER-TRIATLETAS-EN-RED-700X150-1.gif\" alt=\"\" width=\"700\" height=\"150\" \/><\/a><\/p>\n<p style=\"text-align: justify;\">La semana pasada publicamos <a href=\"https:\/\/miurltemporal.com/main/triatletasenred.sport.es\/actualidad\/penas-carcel-homicidio-imprudente-volante-podrian-ascender\/\">un art\u00edculo en el que hablamos de los cambios legales que se est\u00e1n debatiendo en el Congreso en relaci\u00f3n a los accidentes de tr\u00e1fico que afectan a ciclistas.<\/a>\u00a0En \u00e9l, anunciamos que <strong>podr\u00edan aumentar las sanciones para los conductores imprudentes<\/strong>. Una noticia que mejorar\u00eda la situaci\u00f3n de injusticia con la que a d\u00eda de hoy deben convivir todos los ciclistas que transitan por las carreteras del pa\u00eds. Pero lo cierto es que todo ello sigue sin ser suficiente y para <strong>Anna Gonz\u00e1lez<\/strong>, impulsora de<strong> #PorUnaLeyJusta <\/strong>(plataforma que lucha por un cambio en el c\u00f3digo legal),<strong>\u00a0los partidos pol\u00edticos siguen sin cumplir sus promesas.\u00a0<\/strong><\/p>\n<p style=\"text-align: justify;\">As\u00ed lo ha explicado <strong>Perico Delgado<\/strong> en <a href=\"https:\/\/www.pedrodelgado.com\/perico\/actualidad\/articulos\/el_mazo_2018.html\" rel=\"nofollow noopener\" target=\"_blank\">su web<\/a>. El ex ciclista public\u00f3 hace dos d\u00edas un art\u00edculo de opini\u00f3n en el que habla de la inconformidad de Anna Gonz\u00e1lez con el borrador que est\u00e1n preparando los partidos en el <strong>Congreso<\/strong>. Un documento que acompa\u00f1ar\u00e1 durante esta semana el debate sobre la reforma de la ley y cuyo contenido difiere de lo inicialmente pactado con la plataforma #PorUnaLeyJusta.<\/p>\n<p style=\"text-align: justify;\">Seg\u00fan lo que cuenta Perico Delgado en este art\u00edculo con el que pretende dar voz a la opini\u00f3n de Anna Gonz\u00e1lez, el Gobierno no realizar\u00e1 cambios legales en aquellas situaciones en las que se producen las lesiones m\u00e1s comunes. La excusa del <strong>PSOE, que antes de llegar al Gobierno prometi\u00f3 algo diferente<\/strong>, es que los juzgados podr\u00edan saturarse. Una respuesta que no ayuda a que cambie el estado de vulnerabilidad con el que salen a rodar los ciclistas. Una respuesta que no nos sirve y que retrata la necesidad de que aumenten los medios y el personal de la Justicia de un pa\u00eds que, si nada cambia, seguir\u00e1 viendo como d\u00eda tras d\u00eda hay v\u00edctimas ciclistas sin forma de defenderse en sus carreteras.<\/p>\n","protected":false},"excerpt":{"rendered":"<p>El ex ciclista da voz a Anna Gonz\u00e1lez, impulsora de #PorUnaLeyJusta, en relaci\u00f3n a la reforma de la ley que afecta a los accidentes con v\u00edctimas ciclistas.<\/p>\n","protected":false},"author":302,"featured_media":59741,"comment_status":"closed","ping_status":"closed","sticky":false,"template":"","format":"standard","meta":{"_acf_changed":false,"rank_math_lock_modified_date":false,"footnotes":""},"categories":[17,2833,2033],"tags":[6333,6334,6116],"class_list":{"0":"post-59740","1":"post","2":"type-post","3":"status-publish","4":"format-standard","5":"has-post-thumbnail","7":"category-actualidad","8":"category-cicloturismo","9":"category-sport","10":"tag-porunaleyjusta","11":"tag-anna-gonzalez","12":"tag-perico-delgado"},"acf":[],"_links":{"self":[{"href":"https:\/\/miurltemporal.com/main/triatletasenred.sport.es\/wp-json\/wp\/v2\/posts\/59740"}],"collection":[{"href":"https:\/\/miurltemporal.com/main/triatletasenred.sport.es\/wp-json\/wp\/v2\/posts"}],"about":[{"href":"https:\/\/miurltemporal.com/main/triatletasenred.sport.es\/wp-json\/wp\/v2\/types\/post"}],"author":[{"embeddable":true,"href":"https:\/\/miurltemporal.com/main/triatletasenred.sport.es\/wp-json\/wp\/v2\/users\/302"}],"replies":[{"embeddable":true,"href":"https:\/\/miurltemporal.com/main/triatletasenred.sport.es\/wp-json\/wp\/v2\/comments?post=59740"}],"version-history":[{"count":0,"href":"https:\/\/miurltemporal.com/main/triatletasenred.sport.es\/wp-json\/wp\/v2\/posts\/59740\/revisions"}],"wp:featuredmedia":[{"embeddable":true,"href":"https:\/\/miurltemporal.com/main/triatletasenred.sport.es\/wp-json\/wp\/v2\/media\/59741"}],"wp:attachment":[{"href":"https:\/\/miurltemporal.com/main/triatletasenred.sport.es\/wp-json\/wp\/v2\/media?parent=59740"}],"wp:term":[{"taxonomy":"category","embeddable":true,"href":"https:\/\/miurltemporal.com/main/triatletasenred.sport.es\/wp-json\/wp\/v2\/categories?post=59740"},{"taxonomy":"post_tag","embeddable":true,"href":"https:\/\/miurltemporal.com/main/triatletasenred.sport.es\/wp-json\/wp\/v2\/tags?post=59740"}],"curies":[{"name":"wp","href":"https:\/\/api.w.org\/{rel}","templated":true}]}}