{"id":59738,"date":"2018-11-12T12:08:33","date_gmt":"2018-11-12T10:08:33","guid":{"rendered":"https:\/\/miurltemporal.com/main/triatletasenred.sport.es\/?p=59738"},"modified":"2018-11-12T12:08:33","modified_gmt":"2018-11-12T10:08:33","slug":"triatlon-zarautz-2019-2","status":"publish","type":"post","link":"https:\/\/miurltemporal.com/main/triatletasenred.sport.es\/actualidad\/triatlon-zarautz-2019-2\/","title":{"rendered":"El Triatl\u00f3n de Zarautz abre pre-inscripciones para 2019"},"content":{"rendered":"<h3 style=\"text-align: justify;\">33 ediciones del llamado meca del triatl\u00f3n en Espa\u00f1a, una de las pruebas decanas anunci\u00f3 \u00a0hace unos d\u00edas su fecha para 2019 as\u00ed como el proceso de registro.<\/h3>\n<p style=\"text-align: justify;\"><a href=\"https:\/\/zone3.es\/\" rel=\"nofollow noopener\" target=\"_blank\"><img fetchpriority=\"high\" decoding=\"async\" class=\"aligncenter size-full wp-image-58904\" src=\"https:\/\/miurltemporal.com/main/triatletasenred.sport.es\/wp-content\/uploads\/zone3-nuevo-1.gif\" alt=\"\" width=\"746\" height=\"149\" \/><\/a><\/p>\n<p style=\"text-align: justify;\">No hace falta hablar a estas alturas de las muchas bondades del Zarauzko Triatloia as\u00ed que vamos al grano con las novedades. De entrada la fecha que ser\u00e1 el 8<strong>\u00a0de junio de 2018<\/strong>. Mantienen as\u00ed la \u00e9poca de ediciones anteriores en este segundo fin de semana de junio.<\/p>\n<p style=\"text-align: justify;\">La prueba repite este 2019\u00a0el proceso de inscripci\u00f3n iniciado para la edici\u00f3n 2018. La organizaci\u00f3n pretende ampliar el abanico de posibilidades a todos los atletas que quieran vivir la experiencia en Zarautz.<\/p>\n<p style=\"text-align: justify;\">Este a\u00f1o tendremos dos semanas, desde el lunes\u00a0lunes 12 de noviembre\u00a0a las 10 am hasta el lunes 26 d enoviembre\u00a0para <strong>hacer \u00a0la \u00a0PRE-INSCRIPCI\u00d3N<\/strong> que nos generar\u00e1 un numero de orden. Este n\u00famero ser\u00e1 con el que participemos en el <strong>sorteo que se har\u00e1 el 28 de noviembre.<\/strong><\/p>\n<p>Los que no entren en las plazas disponibles se incluir\u00e1n en una lista de espera como es habitual<\/p>\n<p style=\"text-align: justify;\"><strong>\u00bfNos vemos el 8 de Junio en Zarautz?\u00a0<\/strong><\/p>\n","protected":false},"excerpt":{"rendered":"<p>33 ediciones del llamado meca del triatl\u00f3n en Espa\u00f1a, una de las pruebas decanas anunci\u00f3 \u00a0hace unos d\u00edas su fecha para 2019 as\u00ed como el proceso de registro. No hace falta hablar a estas alturas de las muchas bondades del Zarauzko Triatloia as\u00ed que vamos al grano con las novedades. De entrada la fecha que [&hellip;]<\/p>\n","protected":false},"author":2,"featured_media":52116,"comment_status":"closed","ping_status":"closed","sticky":false,"template":"","format":"standard","meta":{"_acf_changed":false,"rank_math_lock_modified_date":false,"footnotes":""},"categories":[17],"tags":[],"class_list":{"0":"post-59738","1":"post","2":"type-post","3":"status-publish","4":"format-standard","5":"has-post-thumbnail","7":"category-actualidad"},"acf":[],"_links":{"self":[{"href":"https:\/\/miurltemporal.com/main/triatletasenred.sport.es\/wp-json\/wp\/v2\/posts\/59738"}],"collection":[{"href":"https:\/\/miurltemporal.com/main/triatletasenred.sport.es\/wp-json\/wp\/v2\/posts"}],"about":[{"href":"https:\/\/miurltemporal.com/main/triatletasenred.sport.es\/wp-json\/wp\/v2\/types\/post"}],"author":[{"embeddable":true,"href":"https:\/\/miurltemporal.com/main/triatletasenred.sport.es\/wp-json\/wp\/v2\/users\/2"}],"replies":[{"embeddable":true,"href":"https:\/\/miurltemporal.com/main/triatletasenred.sport.es\/wp-json\/wp\/v2\/comments?post=59738"}],"version-history":[{"count":0,"href":"https:\/\/miurltemporal.com/main/triatletasenred.sport.es\/wp-json\/wp\/v2\/posts\/59738\/revisions"}],"wp:featuredmedia":[{"embeddable":true,"href":"https:\/\/miurltemporal.com/main/triatletasenred.sport.es\/wp-json\/wp\/v2\/media\/52116"}],"wp:attachment":[{"href":"https:\/\/miurltemporal.com/main/triatletasenred.sport.es\/wp-json\/wp\/v2\/media?parent=59738"}],"wp:term":[{"taxonomy":"category","embeddable":true,"href":"https:\/\/miurltemporal.com/main/triatletasenred.sport.es\/wp-json\/wp\/v2\/categories?post=59738"},{"taxonomy":"post_tag","embeddable":true,"href":"https:\/\/miurltemporal.com/main/triatletasenred.sport.es\/wp-json\/wp\/v2\/tags?post=59738"}],"curies":[{"name":"wp","href":"https:\/\/api.w.org\/{rel}","templated":true}]}}