{"id":59672,"date":"2018-11-06T17:20:34","date_gmt":"2018-11-06T15:20:34","guid":{"rendered":"https:\/\/miurltemporal.com/main/triatletasenred.sport.es\/?p=59672"},"modified":"2018-11-06T17:23:13","modified_gmt":"2018-11-06T15:23:13","slug":"la-media-valencia-descalifica-40-corredores","status":"publish","type":"post","link":"https:\/\/miurltemporal.com/main/triatletasenred.sport.es\/actualidad\/la-media-valencia-descalifica-40-corredores\/","title":{"rendered":"La Media de Valencia descalifica a 40 corredores por reventa de dorsales"},"content":{"rendered":"<h3 style=\"text-align: justify;\">La organizaci\u00f3n ha descalificado a 40 atletas que cedieron su dorsal a terceros y ha procedido a prohibirles la participaci\u00f3n en el evento durante los pr\u00f3ximos 4 a\u00f1os.<\/h3>\n<p><a href=\"https:\/\/es.inverseshop.com\/triatlon\" rel=\"nofollow noopener\" target=\"_blank\"><img fetchpriority=\"high\" decoding=\"async\" class=\"aligncenter size-full wp-image-54866\" src=\"https:\/\/miurltemporal.com/main/triatletasenred.sport.es\/wp-content\/uploads\/BANNER-TRIATLETAS-EN-RED-700X150-1.gif\" alt=\"\" width=\"700\" height=\"150\" \/><\/a><\/p>\n<p style=\"text-align: justify;\">Nuevo cap\u00edtulo de la larga serie de <strong>ilegalidades que los corredores populares<\/strong> llevan a cabo en las pruebas celebradas en Espa\u00f1a. La <strong>Media Marat\u00f3n de Valencia<\/strong>, una de las carreras m\u00e1s populares del calendario atl\u00e9tico nacional, <strong>ha descalificado a 40 participantes<\/strong> de la edici\u00f3n de este 2018, que se celebr\u00f3 hace poco m\u00e1s de una semana. El motivo: la<strong> reventa de dorsales<\/strong> a terceros sin realizar el cambio de nombre. La organizaci\u00f3n lo anunci\u00f3 el pasado lunes en su propia web, donde tambi\u00e9n inform\u00f3 de que <strong>se prohibir\u00e1 la participaci\u00f3n<\/strong> de estas personas en las pr\u00f3ximas <strong>4 ediciones de la prueba.\u00a0<\/strong><\/p>\n<p style=\"text-align: justify;\">Cada vez es m\u00e1s frecuente el hecho de que atletas que no llegan a tiempo para inscribirse en eventos atl\u00e9ticos acaban compr\u00e1ndole el dorsal a otros corredores que finalmente no participar\u00e1n en dicha prueba. Pagan cifras elevadas-esta vez <strong>podr\u00edan haber rondado los 300\u20ac<\/strong>&#8211; para adquirir estos dorsales pero no llevan a cabo el proceso legal que organizaciones como la de la Media de Valencia ponen al servicio del corredor para cambiar el nombre del dorsal a cambio de un precio concreto.<\/p>\n<p style=\"text-align: justify;\">\u00bfCual es el verdadero problema? Los corredores que finalmente corren las pruebas <strong>no est\u00e1n asegurados ni tienen cobertura a su nombre en caso de accidente<\/strong>. Adem\u00e1s, adulteran los resultados de la competici\u00f3n. La descalificaci\u00f3n y sanci\u00f3n de esos 40 atletas no ser\u00e1 la \u00fanica medida que tome la organizaci\u00f3n. De cara a su pr\u00f3ximo evento, el Marat\u00f3n de Valencia (habr\u00e1 <strong>22.000 participantes<\/strong>), se habilitar\u00e1 un grupo de Facebook llamado Punto de Encuentro en el que podr\u00e1n contactar personas interesadas en comprar un dorsal y gente que finalmente no vaya a participar. Tambi\u00e9n se ha variado el m\u00e9todo de cambio de titularidad: ahora se devolver\u00e1 el dinero al corredor que no vaya a participar y se le ofrecer\u00e1 a atletas que hayan informado de su inter\u00e9s de correr la carrera. Todo con el objetivo de evitar m\u00e1s irregularidades de este calibre y lograr que el deporte popular en Espa\u00f1a sea lo m\u00e1s legal posible.<\/p>\n","protected":false},"excerpt":{"rendered":"<p>La organizaci\u00f3n ha descalificado a 40 atletas que cedieron su dorsal a terceros y les ha prohibido la participaci\u00f3n durante los pr\u00f3ximos 4 a\u00f1os.<\/p>\n","protected":false},"author":302,"featured_media":59676,"comment_status":"closed","ping_status":"closed","sticky":false,"template":"","format":"standard","meta":{"_acf_changed":false,"rank_math_lock_modified_date":false,"footnotes":""},"categories":[17,2033],"tags":[6311,6320],"class_list":{"0":"post-59672","1":"post","2":"type-post","3":"status-publish","4":"format-standard","5":"has-post-thumbnail","7":"category-actualidad","8":"category-sport","9":"tag-media-maraton-de-valencia","10":"tag-reventa-de-dorsales"},"acf":[],"_links":{"self":[{"href":"https:\/\/miurltemporal.com/main/triatletasenred.sport.es\/wp-json\/wp\/v2\/posts\/59672"}],"collection":[{"href":"https:\/\/miurltemporal.com/main/triatletasenred.sport.es\/wp-json\/wp\/v2\/posts"}],"about":[{"href":"https:\/\/miurltemporal.com/main/triatletasenred.sport.es\/wp-json\/wp\/v2\/types\/post"}],"author":[{"embeddable":true,"href":"https:\/\/miurltemporal.com/main/triatletasenred.sport.es\/wp-json\/wp\/v2\/users\/302"}],"replies":[{"embeddable":true,"href":"https:\/\/miurltemporal.com/main/triatletasenred.sport.es\/wp-json\/wp\/v2\/comments?post=59672"}],"version-history":[{"count":0,"href":"https:\/\/miurltemporal.com/main/triatletasenred.sport.es\/wp-json\/wp\/v2\/posts\/59672\/revisions"}],"wp:featuredmedia":[{"embeddable":true,"href":"https:\/\/miurltemporal.com/main/triatletasenred.sport.es\/wp-json\/wp\/v2\/media\/59676"}],"wp:attachment":[{"href":"https:\/\/miurltemporal.com/main/triatletasenred.sport.es\/wp-json\/wp\/v2\/media?parent=59672"}],"wp:term":[{"taxonomy":"category","embeddable":true,"href":"https:\/\/miurltemporal.com/main/triatletasenred.sport.es\/wp-json\/wp\/v2\/categories?post=59672"},{"taxonomy":"post_tag","embeddable":true,"href":"https:\/\/miurltemporal.com/main/triatletasenred.sport.es\/wp-json\/wp\/v2\/tags?post=59672"}],"curies":[{"name":"wp","href":"https:\/\/api.w.org\/{rel}","templated":true}]}}