{"id":59598,"date":"2018-10-31T11:12:43","date_gmt":"2018-10-31T09:12:43","guid":{"rendered":"https:\/\/miurltemporal.com/main/triatletasenred.sport.es\/?p=59598"},"modified":"2018-10-31T11:19:41","modified_gmt":"2018-10-31T09:19:41","slug":"triathlon_in_the_world","status":"publish","type":"post","link":"https:\/\/miurltemporal.com/main/triatletasenred.sport.es\/entrevistas-triatlon\/triathlon_in_the_world\/","title":{"rendered":"\u00bfSabes qui\u00e9n hay detr\u00e1s del popular perfil de Instagram @triathlon_in_the_world?"},"content":{"rendered":"<h3 style=\"text-align: justify;\">Con m\u00e1s de 110000 seguidores en su perfil de intagram, <a href=\"https:\/\/www.instagram.com\/triathlon_in_the_world\/\" rel=\"nofollow noopener\" target=\"_blank\">@triathlon_in_the_world<\/a>, es una de las cuentas m\u00e1s populares en nuestro mundo del triatl\u00f3n.<\/h3>\n<p style=\"text-align: justify;\"><a href=\"https:\/\/zone3.es\/\" rel=\"nofollow noopener\" target=\"_blank\"><img fetchpriority=\"high\" decoding=\"async\" class=\"aligncenter size-full wp-image-58904\" src=\"https:\/\/miurltemporal.com/main/triatletasenred.sport.es\/wp-content\/uploads\/zone3-nuevo-1.gif\" alt=\"\" width=\"746\" height=\"149\" \/><\/a><\/p>\n<p style=\"text-align: justify;\">Una de las maravillas que tienen las redes sociales es que son soberanas. Un perfil conecta o no conecta con los usuarios atendiendo a diferentes criterios que los expertos se dedican a catalogar, cuantificar y monitorizar&#8230;no es el caso de <a href=\"https:\/\/www.instagram.com\/triathlon_in_the_world\/\" rel=\"nofollow noopener\" target=\"_blank\">@triathlon_in_the_world<\/a><\/p>\n<p style=\"text-align: justify;\"><img decoding=\"async\" class=\"alignright\" src=\"https:\/\/www.triathlon-in-the-world.com\/wp-content\/uploads\/2018\/03\/logo_triathlon.png\" width=\"128\" height=\"128\" \/>El popular perfil fue creado desde la intuici\u00f3n y regado con dosis de pasi\u00f3n por un afable murciano que, a pesar de su evidente \u00e9xito, sigue cultivando su criatura al detalle y sin perder la ilusi\u00f3n del primer d\u00eda.<\/p>\n<p style=\"text-align: justify;\">Los fines de semana es f\u00e1cil encontrarse a <strong>David Pedregosa<\/strong> c\u00e1mara en mano en alguna de las pruebas deportivas que se celebran en nuestro pa\u00eds y, a pesar de su talento, David sigue currando de lunes a viernes para una empresa alimenticia en un departamento que nada tiene que ver con nuestro universo del triatl\u00f3n.<span class=\"Apple-converted-space\">\u00a0<\/span><\/p>\n<p style=\"text-align: justify;\"><img decoding=\"async\" class=\"alignleft \" src=\"https:\/\/scontent.fmad8-1.fna.fbcdn.net\/v\/t1.0-9\/44598573_1849963601795852_3083755143791902720_n.jpg?_nc_cat=102&amp;_nc_ht=scontent.fmad8-1.fna&amp;oh=df5d93dfa044eb7c8fe3c266dbf0f7f3&amp;oe=5C858A57\" width=\"187\" height=\"282\" \/>Pedregosa, alma mater de @triathlon_in_the_world naci\u00f3 en Francia hace 48 a\u00f1os pero ya de peque\u00f1o sus padres regresaron a su Murcia natal. M\u00e1s tarde Dvaid se instal\u00f3 en Suiza para ganarse el pan \u00a0evolucionar profesionalmente.<\/p>\n<p>Esa mezcla intercultural y su conocimiento de idiomas ( espa\u00f1ol, ingl\u00e9s, franc\u00e9s y alem\u00e1n) es parte de la esencia de su proyecto y de su d\u00eda a d\u00eda: \u201c<em><strong>Me encantar\u00eda dedicarme profesionalmente a la fotograf\u00eda aunque por ahora toca seguir picando piedra<\/strong><\/em>\u201d, nos comenta David \u201c<em><strong>@triathlon_in_the_world me ha servido y me sirve para conocer a deportistas de todo el planeta que comparten sus fotos conmigo y que me motivan a seguir creciendo<\/strong><\/em>\u201d<\/p>\n<p>Fot\u00f3grafos de renombre como Talbot Cox colaboran y valoran el trabajo de David Pedregosa al frente de <strong>@triathlon_in_the_world,<\/strong> un ejemplo m\u00e1s del prestigio de la cuenta y del apasionado trabajo de David Pedregosa al que puedes seguir tambi\u00e9n en su <a href=\"https:\/\/www.instagram.com\/walking_1\/?hl=es\" rel=\"nofollow noopener\" target=\"_blank\">perfil personal en instagram\u00a0<strong>@walking_1<\/strong><\/a><\/p>\n<p style=\"text-align: justify;\">Desde triatletasenred.com solo nos queda agradecer a David su tiempo para esta entrevista y su dedicaci\u00f3n por la difusi\u00f3n de nuestro deporte.<\/p>\n<p style=\"text-align: justify;\">\n","protected":false},"excerpt":{"rendered":"<p>Con m\u00e1s de 110000 seguidores en su perfil de intagram, @triathlon_in_the_world, es una de las cuentas m\u00e1s populares en nuestro mundo del triatl\u00f3n. Una de las maravillas que tienen las redes sociales es que son soberanas. Un perfil conecta o no conecta con los usuarios atendiendo a diferentes criterios que los expertos se dedican a [&hellip;]<\/p>\n","protected":false},"author":2,"featured_media":59599,"comment_status":"closed","ping_status":"closed","sticky":false,"template":"","format":"standard","meta":{"_acf_changed":false,"rank_math_lock_modified_date":false,"footnotes":""},"categories":[10,17],"tags":[],"class_list":{"0":"post-59598","1":"post","2":"type-post","3":"status-publish","4":"format-standard","5":"has-post-thumbnail","7":"category-entrevistas-triatlon","8":"category-actualidad"},"acf":[],"_links":{"self":[{"href":"https:\/\/miurltemporal.com/main/triatletasenred.sport.es\/wp-json\/wp\/v2\/posts\/59598"}],"collection":[{"href":"https:\/\/miurltemporal.com/main/triatletasenred.sport.es\/wp-json\/wp\/v2\/posts"}],"about":[{"href":"https:\/\/miurltemporal.com/main/triatletasenred.sport.es\/wp-json\/wp\/v2\/types\/post"}],"author":[{"embeddable":true,"href":"https:\/\/miurltemporal.com/main/triatletasenred.sport.es\/wp-json\/wp\/v2\/users\/2"}],"replies":[{"embeddable":true,"href":"https:\/\/miurltemporal.com/main/triatletasenred.sport.es\/wp-json\/wp\/v2\/comments?post=59598"}],"version-history":[{"count":0,"href":"https:\/\/miurltemporal.com/main/triatletasenred.sport.es\/wp-json\/wp\/v2\/posts\/59598\/revisions"}],"wp:featuredmedia":[{"embeddable":true,"href":"https:\/\/miurltemporal.com/main/triatletasenred.sport.es\/wp-json\/wp\/v2\/media\/59599"}],"wp:attachment":[{"href":"https:\/\/miurltemporal.com/main/triatletasenred.sport.es\/wp-json\/wp\/v2\/media?parent=59598"}],"wp:term":[{"taxonomy":"category","embeddable":true,"href":"https:\/\/miurltemporal.com/main/triatletasenred.sport.es\/wp-json\/wp\/v2\/categories?post=59598"},{"taxonomy":"post_tag","embeddable":true,"href":"https:\/\/miurltemporal.com/main/triatletasenred.sport.es\/wp-json\/wp\/v2\/tags?post=59598"}],"curies":[{"name":"wp","href":"https:\/\/api.w.org\/{rel}","templated":true}]}}