{"id":59577,"date":"2018-10-30T07:00:53","date_gmt":"2018-10-30T05:00:53","guid":{"rendered":"https:\/\/miurltemporal.com/main/triatletasenred.sport.es\/?p=59577"},"modified":"2018-10-30T01:17:27","modified_gmt":"2018-10-29T23:17:27","slug":"sanchez-mantecon-acaba-la-temporada-3o-ranking-etu","status":"publish","type":"post","link":"https:\/\/miurltemporal.com/main/triatletasenred.sport.es\/actualidad\/sanchez-mantecon-acaba-la-temporada-3o-ranking-etu\/","title":{"rendered":"S\u00e1nchez Mantec\u00f3n acaba la temporada 3\u00ba en el ranking ETU"},"content":{"rendered":"<h3>El valenciano finaliza su temporada en la 3\u00aa posici\u00f3n del ranking europeo \u00e9lite tras la \u00faltima prueba del calendario, disputada en Funchal (Portugal).<\/h3>\n<p><a href=\"https:\/\/zone3.es\/\" rel=\"nofollow noopener\" target=\"_blank\"><img fetchpriority=\"high\" decoding=\"async\" class=\"aligncenter size-full wp-image-58904\" src=\"https:\/\/miurltemporal.com/main/triatletasenred.sport.es\/wp-content\/uploads\/zone3-nuevo-1.gif\" alt=\"\" width=\"746\" height=\"149\" \/><\/a><\/p>\n<p style=\"text-align: justify;\">A <strong>Roberto S\u00e1nchez Mantec\u00f3n<\/strong> le costar\u00e1 olvidar este 2018. Durante los \u00faltimos meses, el valenciano no s\u00f3lo se ha proclamado campe\u00f3n nacional en distancia ol\u00edmpica, si no que tambi\u00e9n ha cosechado grandes resultados en pruebas internacionales y se ha consolidado fuera del territorio espa\u00f1ol. Sin ir m\u00e1s lejos, el s\u00e1bado compiti\u00f3 en la \u00faltima prueba ETU de la temporada, la Gran Final del circuito europeo en Funchal. Su 11\u00aa posici\u00f3n en la carrera le situ\u00f3 <strong>3\u00ba en el ranking europeo \u00e9lite<\/strong> despu\u00e9s de llegar como l\u00edder a este \u00faltimo evento. <strong>Mark Devay<\/strong> (Hungr\u00eda) y <strong>Marten Van Riel<\/strong> (B\u00e9lgica) le superaron en la clasificaci\u00f3n despu\u00e9s de conseguir una mejor posici\u00f3n en la prueba disputada en Portugal.<\/p>\n<p style=\"text-align: justify;\">Para lograr ese excelente bronce final en la clasificaci\u00f3n general ETU, S\u00e1nchez Mantec\u00f3n tuvo que sumar destacados resultados durante el presente curso en las <strong>Copas de Europa de Melilla (4\u00ba) y de Alanya (2\u00ba)<\/strong>.\u00a0Se trata del segundo bronce a nivel continental que S\u00e1nchez suma en este 2018. Y es que el triatleta de la <strong>Universidad de Alicante<\/strong> ya <a href=\"https:\/\/miurltemporal.com/main/triatletasenred.sport.es\/uncategorized\/doblete-espanol-en-el-cto-de-europa-sprint\/\">acab\u00f3 3\u00ba en el Campeonato de Europa Sprint celebrado en Tartu.\u00a0<\/a><\/p>\n<p>https:\/\/www.instagram.com\/p\/Bphx3ogBYjv\/?utm_source=ig_web_button_share_sheet<\/p>\n","protected":false},"excerpt":{"rendered":"<p>El valenciano finaliza su temporada en la 3\u00aa posici\u00f3n del ranking europeo \u00e9lite tras la \u00faltima prueba del calendario, disputada en Funchal (Portugal).<\/p>\n","protected":false},"author":302,"featured_media":59578,"comment_status":"closed","ping_status":"closed","sticky":false,"template":"","format":"standard","meta":{"_acf_changed":false,"rank_math_lock_modified_date":false,"footnotes":""},"categories":[17,2033],"tags":[2217,6242],"class_list":{"0":"post-59577","1":"post","2":"type-post","3":"status-publish","4":"format-standard","5":"has-post-thumbnail","7":"category-actualidad","8":"category-sport","9":"tag-etu","10":"tag-roberto-sanchez-mantecon"},"acf":[],"_links":{"self":[{"href":"https:\/\/miurltemporal.com/main/triatletasenred.sport.es\/wp-json\/wp\/v2\/posts\/59577"}],"collection":[{"href":"https:\/\/miurltemporal.com/main/triatletasenred.sport.es\/wp-json\/wp\/v2\/posts"}],"about":[{"href":"https:\/\/miurltemporal.com/main/triatletasenred.sport.es\/wp-json\/wp\/v2\/types\/post"}],"author":[{"embeddable":true,"href":"https:\/\/miurltemporal.com/main/triatletasenred.sport.es\/wp-json\/wp\/v2\/users\/302"}],"replies":[{"embeddable":true,"href":"https:\/\/miurltemporal.com/main/triatletasenred.sport.es\/wp-json\/wp\/v2\/comments?post=59577"}],"version-history":[{"count":0,"href":"https:\/\/miurltemporal.com/main/triatletasenred.sport.es\/wp-json\/wp\/v2\/posts\/59577\/revisions"}],"wp:featuredmedia":[{"embeddable":true,"href":"https:\/\/miurltemporal.com/main/triatletasenred.sport.es\/wp-json\/wp\/v2\/media\/59578"}],"wp:attachment":[{"href":"https:\/\/miurltemporal.com/main/triatletasenred.sport.es\/wp-json\/wp\/v2\/media?parent=59577"}],"wp:term":[{"taxonomy":"category","embeddable":true,"href":"https:\/\/miurltemporal.com/main/triatletasenred.sport.es\/wp-json\/wp\/v2\/categories?post=59577"},{"taxonomy":"post_tag","embeddable":true,"href":"https:\/\/miurltemporal.com/main/triatletasenred.sport.es\/wp-json\/wp\/v2\/tags?post=59577"}],"curies":[{"name":"wp","href":"https:\/\/api.w.org\/{rel}","templated":true}]}}