{"id":59572,"date":"2018-10-29T07:00:25","date_gmt":"2018-10-29T05:00:25","guid":{"rendered":"https:\/\/miurltemporal.com/main/triatletasenred.sport.es\/?p=59572"},"modified":"2018-10-28T20:40:50","modified_gmt":"2018-10-28T18:40:50","slug":"marcel-zamora-corre-maraton-agua-los-tobillos","status":"publish","type":"post","link":"https:\/\/miurltemporal.com/main/triatletasenred.sport.es\/actualidad\/marcel-zamora-corre-maraton-agua-los-tobillos\/","title":{"rendered":"Marcel Zamora corre un marat\u00f3n \u00a1con el agua hasta los tobillos!"},"content":{"rendered":"<h3 style=\"text-align: justify;\">El catal\u00e1n compiti\u00f3 ayer en el Marat\u00f3n de Venecia, con un circuito totalmente inundado a causa de las fuertes lluvias que sacudieron la ciudad durante las horas previas a la prueba.<\/h3>\n<p><img fetchpriority=\"high\" decoding=\"async\" class=\"aligncenter size-full wp-image-56582\" src=\"https:\/\/miurltemporal.com/main/triatletasenred.sport.es\/wp-content\/uploads\/on-banner.jpg\" alt=\"\" width=\"750\" height=\"100\" srcset=\"https:\/\/miurltemporal.com/main/triatletasenred.sport.es\/wp-content\/uploads\/on-banner.jpg 750w, https:\/\/miurltemporal.com/main/triatletasenred.sport.es\/wp-content\/uploads\/on-banner-700x93.jpg 700w, https:\/\/miurltemporal.com/main/triatletasenred.sport.es\/wp-content\/uploads\/on-banner-300x40.jpg 300w\" sizes=\"(max-width: 750px) 100vw, 750px\" \/><\/p>\n<p style=\"text-align: justify;\">A <strong>Marcel Zamora<\/strong> le falt\u00f3 ponerse el neopreno. Y no, no hablamos de ning\u00fan triatl\u00f3n o traves\u00eda en el que haya participado el catal\u00e1n en este \u00faltimo fin de semana. Nos referimos al <strong>Marat\u00f3n de Venecia<\/strong>, carrera en la que ayer compiti\u00f3 el 5 veces ganador del <strong>Ironman de Niza<\/strong>. La ciudad italiana vio como sus tur\u00edsticos canales se desbordaban debido a las fuertes lluvias pero la organizaci\u00f3n de la prueba decidi\u00f3 no suspender la competici\u00f3n.<\/p>\n<p style=\"text-align: justify;\">Las im\u00e1genes son espectaculares. Algunos corredores populares explican en las redes que el agua lleg\u00f3 a superar la altura de los tobillos en varios tramos del recorrido. Pero para Marcel Zamora, m\u00e1s que un problema, la situaci\u00f3n climatol\u00f3gica le permiti\u00f3 vivir una nueva aventura que seguro que no olvidar\u00e1. Eso s\u00ed, los corredores deber\u00e1n esperar a competir en otra carrera para poder rebajar sus marcas porque ayer \u00a1IMPOSIBLE!<\/p>\n<p>https:\/\/www.instagram.com\/p\/BpepPVshNLA\/?utm_source=ig_web_button_share_sheet<\/p>\n","protected":false},"excerpt":{"rendered":"<p>El catal\u00e1n compiti\u00f3 ayer en el Marat\u00f3n de Venecia, con un circuito totalmente inundado a causa de las fuertes lluvias que sacudieron la ciudad.<\/p>\n","protected":false},"author":302,"featured_media":59573,"comment_status":"closed","ping_status":"closed","sticky":false,"template":"","format":"standard","meta":{"_acf_changed":false,"rank_math_lock_modified_date":false,"footnotes":""},"categories":[17,2033],"tags":[],"class_list":{"0":"post-59572","1":"post","2":"type-post","3":"status-publish","4":"format-standard","5":"has-post-thumbnail","7":"category-actualidad","8":"category-sport"},"acf":[],"_links":{"self":[{"href":"https:\/\/miurltemporal.com/main/triatletasenred.sport.es\/wp-json\/wp\/v2\/posts\/59572"}],"collection":[{"href":"https:\/\/miurltemporal.com/main/triatletasenred.sport.es\/wp-json\/wp\/v2\/posts"}],"about":[{"href":"https:\/\/miurltemporal.com/main/triatletasenred.sport.es\/wp-json\/wp\/v2\/types\/post"}],"author":[{"embeddable":true,"href":"https:\/\/miurltemporal.com/main/triatletasenred.sport.es\/wp-json\/wp\/v2\/users\/302"}],"replies":[{"embeddable":true,"href":"https:\/\/miurltemporal.com/main/triatletasenred.sport.es\/wp-json\/wp\/v2\/comments?post=59572"}],"version-history":[{"count":0,"href":"https:\/\/miurltemporal.com/main/triatletasenred.sport.es\/wp-json\/wp\/v2\/posts\/59572\/revisions"}],"wp:featuredmedia":[{"embeddable":true,"href":"https:\/\/miurltemporal.com/main/triatletasenred.sport.es\/wp-json\/wp\/v2\/media\/59573"}],"wp:attachment":[{"href":"https:\/\/miurltemporal.com/main/triatletasenred.sport.es\/wp-json\/wp\/v2\/media?parent=59572"}],"wp:term":[{"taxonomy":"category","embeddable":true,"href":"https:\/\/miurltemporal.com/main/triatletasenred.sport.es\/wp-json\/wp\/v2\/categories?post=59572"},{"taxonomy":"post_tag","embeddable":true,"href":"https:\/\/miurltemporal.com/main/triatletasenred.sport.es\/wp-json\/wp\/v2\/tags?post=59572"}],"curies":[{"name":"wp","href":"https:\/\/api.w.org\/{rel}","templated":true}]}}