{"id":59541,"date":"2018-10-26T06:59:44","date_gmt":"2018-10-26T04:59:44","guid":{"rendered":"https:\/\/miurltemporal.com/main/triatletasenred.sport.es\/?p=59541"},"modified":"2018-10-26T10:13:48","modified_gmt":"2018-10-26T08:13:48","slug":"ruben-ruzafa-roger-serrano-campeonato-del-mundo-xterra","status":"publish","type":"post","link":"https:\/\/miurltemporal.com/main/triatletasenred.sport.es\/actualidad\/ruben-ruzafa-roger-serrano-campeonato-del-mundo-xterra\/","title":{"rendered":"Rub\u00e9n Ruzafa y Roger Serrano, entre los favoritos en el Campeonato del Mundo Xterra"},"content":{"rendered":"<h3 style=\"text-align: justify;\">Ambos estar\u00e1n en la cita que el domingo se disputa en Maui (Hawaii). Adem\u00e1s, el paratriatleta Pepe Cand\u00f3n tambi\u00e9n representar\u00e1 a Espa\u00f1a en la competici\u00f3n.<\/h3>\n<p style=\"text-align: justify;\"><a href=\"https:\/\/zone3.es\/\" rel=\"nofollow noopener\" target=\"_blank\"><img fetchpriority=\"high\" decoding=\"async\" class=\"aligncenter size-full wp-image-58904\" src=\"https:\/\/miurltemporal.com/main/triatletasenred.sport.es\/wp-content\/uploads\/zone3-nuevo-1.gif\" alt=\"\" width=\"746\" height=\"149\" \/><\/a><\/p>\n<p style=\"text-align: justify;\">Todo est\u00e1 listo para la gran cita del Triatl\u00f3n Cros. Llega una nueva edici\u00f3n del Mundial Xterra en su sede anual, la isla de Maui, en Hawaii. El domingo, a partir de las 21h. (hora espa\u00f1ola), los mejores especialistas de esta disciplina tan espectacular se enfrentar\u00e1n con el t\u00edtulo m\u00e1s prestigioso de la temporada en juego. Y all\u00ed, c\u00f3mo no, estar\u00e1n Rub\u00e9n Ruzafa y Roger Serrano con el objetivo de seguir haciendo historia.<\/p>\n<p style=\"text-align: justify;\">De ganar el domingo, Ruzafa sumar\u00eda su cuarto t\u00edtulo mundial Xterra, algo que har\u00eda a\u00fan m\u00e1s grande su leyenda. El de Valencia ya se proclam\u00f3 campe\u00f3n del mundo ITU\u00a0 de Triatl\u00f3n Cros esta temporada, por lo que ya ha rendido a un gran nivel en una carrera de alto voltaje. Por su parte, Roger Serano llega a Hawaii despu\u00e9s de alzarse con el t\u00edtulo de campe\u00f3n de Europa durante este curso. Adem\u00e1s, el catal\u00e1n ha sumado importantes victorias en las pruebas Xterra de Malta, Chipre, Suiza, Italia, Noruega y Dinamarca. Sin duda, por trayectoria en estos \u00faltimos meses, podemos so\u00f1ar con un gran resultado espa\u00f1ol el domingo.<\/p>\n<p style=\"text-align: justify;\">Enfrente tendr\u00e1n, eso s\u00ed, a hombres que no lo pondr\u00e1n nada f\u00e1cil. Bradley Weiss, que ya gan\u00f3 en la edici\u00f3n de 2017 y que, por lo tanto, defiende t\u00edtulo, es uno de los nombres a tener en cuenta. Como \u00e9l, Mauricio M\u00e9ndez y Josiah Middaugh, que tambi\u00e9n saben lo que es ganar este trofeo, luchar\u00e1n por la victoria.<\/p>\n<h4 style=\"text-align: justify;\">Pepe Cand\u00f3n tambi\u00e9n competir\u00e1 en este Mundial Xterra<\/h4>\n<hr \/>\n<p style=\"text-align: justify;\">El paratriatleta, acompa\u00f1ado de Mac\u00edas, su pareja de t\u00e1ndem, tambi\u00e9n estar\u00e1n en Maui para competir en la categor\u00eda Phisically Challenged Hawaii. Ambos se clasificaron tras el Xterra internacional de Portugal y tras conseguir el Slot iniciaron una campa\u00f1a para obtener fondos que finalmente ha tenido \u00e9xito.<\/p>\n","protected":false},"excerpt":{"rendered":"<p>Ambos estar\u00e1n en la cita que el domingo se disputa en Maui (Hawaii). Adem\u00e1s, el paratriatleta Pepe Cand\u00f3n tambi\u00e9n representar\u00e1 a Espa\u00f1a en la competici\u00f3n.<\/p>\n","protected":false},"author":302,"featured_media":59542,"comment_status":"closed","ping_status":"closed","sticky":false,"template":"","format":"standard","meta":{"_acf_changed":false,"rank_math_lock_modified_date":false,"footnotes":""},"categories":[17,2033],"tags":[6308,594,1986],"class_list":{"0":"post-59541","1":"post","2":"type-post","3":"status-publish","4":"format-standard","5":"has-post-thumbnail","7":"category-actualidad","8":"category-sport","9":"tag-mundial-xterra","10":"tag-roger-serrano","11":"tag-ruben-ruzafa"},"acf":[],"_links":{"self":[{"href":"https:\/\/miurltemporal.com/main/triatletasenred.sport.es\/wp-json\/wp\/v2\/posts\/59541"}],"collection":[{"href":"https:\/\/miurltemporal.com/main/triatletasenred.sport.es\/wp-json\/wp\/v2\/posts"}],"about":[{"href":"https:\/\/miurltemporal.com/main/triatletasenred.sport.es\/wp-json\/wp\/v2\/types\/post"}],"author":[{"embeddable":true,"href":"https:\/\/miurltemporal.com/main/triatletasenred.sport.es\/wp-json\/wp\/v2\/users\/302"}],"replies":[{"embeddable":true,"href":"https:\/\/miurltemporal.com/main/triatletasenred.sport.es\/wp-json\/wp\/v2\/comments?post=59541"}],"version-history":[{"count":0,"href":"https:\/\/miurltemporal.com/main/triatletasenred.sport.es\/wp-json\/wp\/v2\/posts\/59541\/revisions"}],"wp:featuredmedia":[{"embeddable":true,"href":"https:\/\/miurltemporal.com/main/triatletasenred.sport.es\/wp-json\/wp\/v2\/media\/59542"}],"wp:attachment":[{"href":"https:\/\/miurltemporal.com/main/triatletasenred.sport.es\/wp-json\/wp\/v2\/media?parent=59541"}],"wp:term":[{"taxonomy":"category","embeddable":true,"href":"https:\/\/miurltemporal.com/main/triatletasenred.sport.es\/wp-json\/wp\/v2\/categories?post=59541"},{"taxonomy":"post_tag","embeddable":true,"href":"https:\/\/miurltemporal.com/main/triatletasenred.sport.es\/wp-json\/wp\/v2\/tags?post=59541"}],"curies":[{"name":"wp","href":"https:\/\/api.w.org\/{rel}","templated":true}]}}