{"id":59533,"date":"2018-10-25T12:25:21","date_gmt":"2018-10-25T10:25:21","guid":{"rendered":"https:\/\/miurltemporal.com/main/triatletasenred.sport.es\/?p=59533"},"modified":"2018-10-25T12:25:21","modified_gmt":"2018-10-25T10:25:21","slug":"frodeno-se-recupera-junto-al-ciclista-marcel-kittel","status":"publish","type":"post","link":"https:\/\/miurltemporal.com/main/triatletasenred.sport.es\/actualidad\/frodeno-se-recupera-junto-al-ciclista-marcel-kittel\/","title":{"rendered":"Frodeno se recupera junto al ciclista Marcel Kittel"},"content":{"rendered":"<h3 style=\"text-align: justify;\">El alem\u00e1n continua con su recuperaci\u00f3n en Girona, donde comparte kil\u00f3metros sobre ruedas con Marcel Kittel, ganador de 14 etapas del Tour de Francia.<\/h3>\n<p style=\"text-align: justify;\"><img fetchpriority=\"high\" decoding=\"async\" class=\"aligncenter size-full wp-image-35097\" src=\"https:\/\/miurltemporal.com/main/triatletasenred.sport.es\/wp-content\/uploads\/Compressport2.jpg\" alt=\"\" width=\"479\" height=\"105\" srcset=\"https:\/\/miurltemporal.com/main/triatletasenred.sport.es\/wp-content\/uploads\/Compressport2.jpg 479w, https:\/\/miurltemporal.com/main/triatletasenred.sport.es\/wp-content\/uploads\/Compressport2-300x65.jpg 300w\" sizes=\"(max-width: 479px) 100vw, 479px\" \/><\/p>\n<p style=\"text-align: justify;\"><strong>Jan Frodeno<\/strong> sigue sumando sesiones de entrenamiento y parece que poco a poco se recupera de <a href=\"https:\/\/miurltemporal.com/main/triatletasenred.sport.es\/actualidad\/frodeno-fractura-estres-dice-adios-kona\/\">la lesi\u00f3n que le apart\u00f3 de Kona 2018<\/a>. El alem\u00e1n anunci\u00f3 hace varias semanas en sus redes sociales que ten\u00eda intenci\u00f3n de volver a competir antes de que acabe el a\u00f1o. Y todo apunta a que lo har\u00e1 en la <strong>Coronation Double Century<\/strong>, una carrera ciclista que se disputar\u00e1 el pr\u00f3ximo 24 de noviembre en Sud\u00e1frica.<\/p>\n<p style=\"text-align: justify;\">Para volver a colocarse un dorsal estando al mejor nivel posible, Frodeno ha elegido a un compa\u00f1ero de fatigas dif\u00edcilmente superable. Y es que el campe\u00f3n del Mundial 70.3 de 2018 est\u00e1 entrenando con <strong>Marcel Kittel<\/strong>, ciclista del <strong>Team Katusha Alpecin<\/strong> y ganador de 14 etapas del Tour. Ambos han publicado fotos juntos en la Costa Brava, cerca de Girona, donde el triatleta germano vive durante los meses de entrenamiento de cada temporada.<\/p>\n<p>https:\/\/www.instagram.com\/p\/BpUwlXFlV-I\/?utm_source=ig_web_button_share_sheet<\/p>\n","protected":false},"excerpt":{"rendered":"<p>El alem\u00e1n suma kil\u00f3metros sobre ruedas en la Costa Brava acompa\u00f1ado del ciclista Marcel Kittel, ganador de 14 etapas del Tour de Francia.<\/p>\n","protected":false},"author":302,"featured_media":59534,"comment_status":"closed","ping_status":"closed","sticky":false,"template":"","format":"standard","meta":{"_acf_changed":false,"rank_math_lock_modified_date":false,"footnotes":""},"categories":[17,2033],"tags":[1936,6306],"class_list":{"0":"post-59533","1":"post","2":"type-post","3":"status-publish","4":"format-standard","5":"has-post-thumbnail","7":"category-actualidad","8":"category-sport","9":"tag-jan-frodeno","10":"tag-marcel-kittel"},"acf":[],"_links":{"self":[{"href":"https:\/\/miurltemporal.com/main/triatletasenred.sport.es\/wp-json\/wp\/v2\/posts\/59533"}],"collection":[{"href":"https:\/\/miurltemporal.com/main/triatletasenred.sport.es\/wp-json\/wp\/v2\/posts"}],"about":[{"href":"https:\/\/miurltemporal.com/main/triatletasenred.sport.es\/wp-json\/wp\/v2\/types\/post"}],"author":[{"embeddable":true,"href":"https:\/\/miurltemporal.com/main/triatletasenred.sport.es\/wp-json\/wp\/v2\/users\/302"}],"replies":[{"embeddable":true,"href":"https:\/\/miurltemporal.com/main/triatletasenred.sport.es\/wp-json\/wp\/v2\/comments?post=59533"}],"version-history":[{"count":0,"href":"https:\/\/miurltemporal.com/main/triatletasenred.sport.es\/wp-json\/wp\/v2\/posts\/59533\/revisions"}],"wp:featuredmedia":[{"embeddable":true,"href":"https:\/\/miurltemporal.com/main/triatletasenred.sport.es\/wp-json\/wp\/v2\/media\/59534"}],"wp:attachment":[{"href":"https:\/\/miurltemporal.com/main/triatletasenred.sport.es\/wp-json\/wp\/v2\/media?parent=59533"}],"wp:term":[{"taxonomy":"category","embeddable":true,"href":"https:\/\/miurltemporal.com/main/triatletasenred.sport.es\/wp-json\/wp\/v2\/categories?post=59533"},{"taxonomy":"post_tag","embeddable":true,"href":"https:\/\/miurltemporal.com/main/triatletasenred.sport.es\/wp-json\/wp\/v2\/tags?post=59533"}],"curies":[{"name":"wp","href":"https:\/\/api.w.org\/{rel}","templated":true}]}}