{"id":59473,"date":"2018-10-20T19:12:28","date_gmt":"2018-10-20T17:12:28","guid":{"rendered":"https:\/\/miurltemporal.com/main/triatletasenred.sport.es\/?p=59473"},"modified":"2018-10-20T19:23:41","modified_gmt":"2018-10-20T17:23:41","slug":"emilio-martin-bronce-campeonato-europa-ibiza","status":"publish","type":"post","link":"https:\/\/miurltemporal.com/main/triatletasenred.sport.es\/actualidad\/emilio-martin-bronce-campeonato-europa-ibiza\/","title":{"rendered":"Emilio Mart\u00edn, bronce en el Campeonato de Europa de duatl\u00f3n"},"content":{"rendered":"<h3 style=\"text-align: justify;\">El andaluz se hace con el bronce en el primer evento de los Campeonatos de Europa Multideporte. El triunfo fue para el franc\u00e9s Le Berre, que gan\u00f3 al sprint a su compatriota\u00a0<strong>Benjamin Choquert. Irene Loizate, campeona continental Sub23 y 3\u00aa absoluta.\u00a0<\/strong><\/h3>\n<p><img fetchpriority=\"high\" decoding=\"async\" class=\"aligncenter size-full wp-image-58521\" src=\"https:\/\/miurltemporal.com/main/triatletasenred.sport.es\/wp-content\/uploads\/ibiza-logo.png\" alt=\"\" width=\"450\" height=\"140\" srcset=\"https:\/\/miurltemporal.com/main/triatletasenred.sport.es\/wp-content\/uploads\/ibiza-logo.png 450w, https:\/\/miurltemporal.com/main/triatletasenred.sport.es\/wp-content\/uploads\/ibiza-logo-300x93.png 300w\" sizes=\"(max-width: 450px) 100vw, 450px\" \/><\/p>\n<p style=\"text-align: justify;\">Gran inicio espa\u00f1ol en los <strong>Campeonatos de Europa Multideporte<\/strong> que acoge Ibiza durante esta semana. El andaluz<strong> Emilio Mart\u00edn<\/strong> se ha llevado el bronce en duatl\u00f3n, prueba marcada por el dominio de los franceses <strong>Le Berre y Choquert.<\/strong> Adem\u00e1s, el duatleta Sub23 <strong>Javier Mart\u00edn<\/strong> ha logrado un fant\u00e1stico 5\u00ba puesto tras una s\u00f3lida actuaci\u00f3n.<\/p>\n<p style=\"text-align: justify;\">Los 10 kms iniciales rompieron este Campeonato de Europa. Le Berre y Choquert han colaborado juntos para escaparse a pie y llegar con una renta suficiente para sentenciar la carrera al subirse a la bicicleta. A base de relevos han aumentado su ventaja respecto al grupo perseguidor, en el que se han mantenido los espa\u00f1oles Emilio y Javier Mart\u00edn junto a otros hombres como <strong>Vincent Bierinickx o Arnaud Dely<\/strong>.<\/p>\n<p style=\"text-align: justify;\">Tras los 40 kms de bicicleta, la diferencia de 1&#8217;36&#8221; a favor de los franceses era definitiva. Ni la escapada de Emilio ha servido para comprometer el cara a cara franc\u00e9s que ha decidido el triunfo pero si le ha bastado al duatleta de Huelva para sumar una nueva medalla a su palmar\u00e9s. Finalmente, Le Berre se ha llevado el oro tras superar a Choquert en los metros finales. Javier Mart\u00edn ha acabado 5\u00ba absoluto y 2\u00ba Sub23.<\/p>\n<p style=\"text-align: justify;\">Respecto a la prueba femenina, Irene Loizate se ha colgado dos medallas m\u00e1s (3\u00aa Absoluta y 1\u00aa Sub23) tras una carrera espectacular. La espa\u00f1ola decidi\u00f3 jugarse sus opciones al podio en los 5kms finales y se ha acabado llevando un magn\u00edfico resultado en un Campeonato de Europa de duatl\u00f3n en el que la francesa Sandra Levenez ha ganado tras un recital en solitario.<\/p>\n","protected":false},"excerpt":{"rendered":"<p>El andaluz se hace con el bronce en el primer evento de los Campeonatos de Europa Multideporte. El triunfo fue para el franc\u00e9s Le Berre.<\/p>\n","protected":false},"author":302,"featured_media":39205,"comment_status":"closed","ping_status":"closed","sticky":false,"template":"","format":"standard","meta":{"_acf_changed":false,"rank_math_lock_modified_date":false,"footnotes":""},"categories":[17,2033],"tags":[572,2562,6080],"class_list":{"0":"post-59473","1":"post","2":"type-post","3":"status-publish","4":"format-standard","5":"has-post-thumbnail","7":"category-actualidad","8":"category-sport","9":"tag-duatlon","10":"tag-emilio-martin","11":"tag-ibiza-multisport"},"acf":[],"_links":{"self":[{"href":"https:\/\/miurltemporal.com/main/triatletasenred.sport.es\/wp-json\/wp\/v2\/posts\/59473"}],"collection":[{"href":"https:\/\/miurltemporal.com/main/triatletasenred.sport.es\/wp-json\/wp\/v2\/posts"}],"about":[{"href":"https:\/\/miurltemporal.com/main/triatletasenred.sport.es\/wp-json\/wp\/v2\/types\/post"}],"author":[{"embeddable":true,"href":"https:\/\/miurltemporal.com/main/triatletasenred.sport.es\/wp-json\/wp\/v2\/users\/302"}],"replies":[{"embeddable":true,"href":"https:\/\/miurltemporal.com/main/triatletasenred.sport.es\/wp-json\/wp\/v2\/comments?post=59473"}],"version-history":[{"count":0,"href":"https:\/\/miurltemporal.com/main/triatletasenred.sport.es\/wp-json\/wp\/v2\/posts\/59473\/revisions"}],"wp:featuredmedia":[{"embeddable":true,"href":"https:\/\/miurltemporal.com/main/triatletasenred.sport.es\/wp-json\/wp\/v2\/media\/39205"}],"wp:attachment":[{"href":"https:\/\/miurltemporal.com/main/triatletasenred.sport.es\/wp-json\/wp\/v2\/media?parent=59473"}],"wp:term":[{"taxonomy":"category","embeddable":true,"href":"https:\/\/miurltemporal.com/main/triatletasenred.sport.es\/wp-json\/wp\/v2\/categories?post=59473"},{"taxonomy":"post_tag","embeddable":true,"href":"https:\/\/miurltemporal.com/main/triatletasenred.sport.es\/wp-json\/wp\/v2\/tags?post=59473"}],"curies":[{"name":"wp","href":"https:\/\/api.w.org\/{rel}","templated":true}]}}