{"id":58662,"date":"2018-08-22T09:56:26","date_gmt":"2018-08-22T07:56:26","guid":{"rendered":"https:\/\/miurltemporal.com/main/triatletasenred.sport.es\/?p=58662"},"modified":"2018-08-22T09:56:26","modified_gmt":"2018-08-22T07:56:26","slug":"mola-lidera-triarmada-wts-montreal","status":"publish","type":"post","link":"https:\/\/miurltemporal.com/main/triatletasenred.sport.es\/actualidad\/mola-lidera-triarmada-wts-montreal\/","title":{"rendered":"Mario Mola lidera la TRIARMADA en las WTS Montreal"},"content":{"rendered":"<h3 style=\"text-align: justify;\">Montreal (Canad\u00e1) acoger\u00e1 la pen\u00faltima cita de las Series Mundiales ITU 2018, con SUPER Mario Mola liderando la expedici\u00f3n espa\u00f1ola.<\/h3>\n<p><img fetchpriority=\"high\" decoding=\"async\" class=\"aligncenter size-full wp-image-58521\" src=\"https:\/\/miurltemporal.com/main/triatletasenred.sport.es\/wp-content\/uploads\/ibiza-logo.png\" alt=\"\" width=\"450\" height=\"140\" srcset=\"https:\/\/miurltemporal.com/main/triatletasenred.sport.es\/wp-content\/uploads\/ibiza-logo.png 450w, https:\/\/miurltemporal.com/main/triatletasenred.sport.es\/wp-content\/uploads\/ibiza-logo-300x93.png 300w\" sizes=\"(max-width: 450px) 100vw, 450px\" \/><\/p>\n<p style=\"text-align: justify;\">La competici\u00f3n estrella de la ITU, las <strong>Series Mundiales<\/strong>, continua su camino en <strong>Montreal<\/strong> (Canad\u00e1), despu\u00e9s de la prueba en\u00a0<strong>Edmonton<\/strong>\u00a0del pasado mes de julio. Con s\u00f3lo una cita m\u00e1s en el horizonte, la <strong>Gran Final de Gold Coast<\/strong> (12-16 de septiembre), la competici\u00f3n de este fin de semana ser\u00e1 el lugar ideal para que el espa\u00f1ol <strong>Mario Mola<\/strong>\u00a0siga\u00a0en lo mas alto del <strong>ranking ITU<\/strong> y, por tanto, pueda conseguir el tercer <strong>Campeonato del Mundo <\/strong>consecutivo, despu\u00e9s del logrado en <strong>Cozumel<\/strong> (2016) y <strong>R\u00f3terdam<\/strong> (2017).<\/p>\n<p style=\"text-align: justify;\">Actualmente, <strong>Mario Mola<\/strong> se sit\u00faa l\u00edder de la competici\u00f3n con 4.850 puntos, seguido del franc\u00e9s <strong>Vincent Luis<\/strong> (3.810 puntos) y del australiano<strong> Jacob Birtwhistle<\/strong> (3.245 puntos). Muy de cerca y en quinto lugar, est\u00e1 <strong>Fernando Alarza<\/strong>, despu\u00e9s de la espectacular remontada en los europeos de <strong>Glasgow<\/strong>, vuelve a las <strong>Series Mundiales<\/strong> con la intenci\u00f3n de sumar los m\u00e1ximos puntos posibles y escalar posiciones. En chicas, lidera el ranking la estadounidense <strong>Katie Zaferes<\/strong> (4.170 puntos), segunda la brit\u00e1nica <strong>Vicky Holland<\/strong> (3.579 puntos) y tercera la holandesa <strong>Rachel Klamer<\/strong> con 3.098 puntos.<\/p>\n<p style=\"text-align: justify;\">En Montreal, aparte de los ya citados <strong>Mola<\/strong> y <strong>Alarza<\/strong>, la Triarmada contar\u00e1 con <strong>Antonio Serrat<\/strong>, <strong>Chente Hernandez<\/strong> y <strong>Cesc Godoy<\/strong>. En categor\u00eda femenina esta vez no tendremos representaci\u00f3n nacional, no obstante, para la <strong>Gran Final de Gold Coast<\/strong> se presume que participar\u00e1n <strong>Anna Godoy<\/strong> y <strong>Sara P\u00e9rez,\u00a0<\/strong>las dos estuvieron en la <strong>Copa del Mundo de Lausanne<\/strong> del pasado fin de semana, puesto 11 y 32 respectivamente.<\/p>\n<p style=\"text-align: justify;\">La competici\u00f3n contar\u00e1 con los mejores nombres del momento en la distancia como <strong>Jacob Birtwhistle, Richard Murray, Henry Schoeman, Kristian Blummenfel o Andreas Schilling<\/strong>, por lo que como de costumbre se prev\u00e9 apasionante. Las mujeres competir\u00e1n el s\u00e1bado y los hombres el domingo (13:30 hora local), en un programa que incluye adem\u00e1s la <strong>Copa de Triatl\u00f3n Sprint<\/strong> americana.<\/p>\n<p style=\"text-align: justify;\">\n","protected":false},"excerpt":{"rendered":"<p>Montreal (Canad\u00e1) acoger\u00e1 la pen\u00faltima cita de las Series Mundiales ITU 2018, con SUPER Mario Mola liderando la expedici\u00f3n espa\u00f1ola.<\/p>\n","protected":false},"author":294,"featured_media":58663,"comment_status":"closed","ping_status":"closed","sticky":false,"template":"","format":"standard","meta":{"_acf_changed":false,"rank_math_lock_modified_date":false,"footnotes":""},"categories":[17,2033],"tags":[893,4473,1574],"class_list":{"0":"post-58662","1":"post","2":"type-post","3":"status-publish","4":"format-standard","5":"has-post-thumbnail","7":"category-actualidad","8":"category-sport","9":"tag-mario-mola","10":"tag-series-mundiales","11":"tag-triarmada"},"acf":[],"_links":{"self":[{"href":"https:\/\/miurltemporal.com/main/triatletasenred.sport.es\/wp-json\/wp\/v2\/posts\/58662"}],"collection":[{"href":"https:\/\/miurltemporal.com/main/triatletasenred.sport.es\/wp-json\/wp\/v2\/posts"}],"about":[{"href":"https:\/\/miurltemporal.com/main/triatletasenred.sport.es\/wp-json\/wp\/v2\/types\/post"}],"author":[{"embeddable":true,"href":"https:\/\/miurltemporal.com/main/triatletasenred.sport.es\/wp-json\/wp\/v2\/users\/294"}],"replies":[{"embeddable":true,"href":"https:\/\/miurltemporal.com/main/triatletasenred.sport.es\/wp-json\/wp\/v2\/comments?post=58662"}],"version-history":[{"count":0,"href":"https:\/\/miurltemporal.com/main/triatletasenred.sport.es\/wp-json\/wp\/v2\/posts\/58662\/revisions"}],"wp:featuredmedia":[{"embeddable":true,"href":"https:\/\/miurltemporal.com/main/triatletasenred.sport.es\/wp-json\/wp\/v2\/media\/58663"}],"wp:attachment":[{"href":"https:\/\/miurltemporal.com/main/triatletasenred.sport.es\/wp-json\/wp\/v2\/media?parent=58662"}],"wp:term":[{"taxonomy":"category","embeddable":true,"href":"https:\/\/miurltemporal.com/main/triatletasenred.sport.es\/wp-json\/wp\/v2\/categories?post=58662"},{"taxonomy":"post_tag","embeddable":true,"href":"https:\/\/miurltemporal.com/main/triatletasenred.sport.es\/wp-json\/wp\/v2\/tags?post=58662"}],"curies":[{"name":"wp","href":"https:\/\/api.w.org\/{rel}","templated":true}]}}