{"id":58654,"date":"2018-08-20T04:04:41","date_gmt":"2018-08-20T02:04:41","guid":{"rendered":"https:\/\/miurltemporal.com/main/triatletasenred.sport.es\/?p=58654"},"modified":"2018-08-20T18:07:27","modified_gmt":"2018-08-20T16:07:27","slug":"pepe-candon-jonathan-macias-campeones-europa-xterra-tandem","status":"publish","type":"post","link":"https:\/\/miurltemporal.com/main/triatletasenred.sport.es\/actualidad\/pepe-candon-jonathan-macias-campeones-europa-xterra-tandem\/","title":{"rendered":"Pepe Cand\u00f3n y Jonathan Macias, Campeones de Europa Xterra en t\u00e1ndem"},"content":{"rendered":"<h3 style=\"text-align: justify;\">La pareja de triatletas formada por el asidonense pero afincado en Chiclana Jos\u00e9 Manuel Cand\u00f3n y su gu\u00eda el tambi\u00e9n chiclanero Jonathan Mac\u00edas y \u00fanicos representantes espa\u00f1oles con discapacidad en la prueba se alzaron el pasado 18 de Agosto en Zittau (Alemania) con la corona de Campe\u00f3n de Europa XTERRA en categor\u00eda Visual Impediment (T\u00e1ndem) sobre distancia Full.<\/h3>\n<p style=\"text-align: justify;\">\n<p style=\"text-align: justify;\"><a href=\"https:\/\/nutrisport.es\/web\/nutricionparatriatlon\/\" rel=\"nofollow noopener\" target=\"_blank\"><img fetchpriority=\"high\" decoding=\"async\" class=\"aligncenter size-large wp-image-58138\" src=\"https:\/\/miurltemporal.com/main/triatletasenred.sport.es\/wp-content\/uploads\/banner_2-1024x137.jpg\" alt=\"\" width=\"702\" height=\"94\" srcset=\"https:\/\/miurltemporal.com/main/triatletasenred.sport.es\/wp-content\/uploads\/banner_2-1024x137.jpg 1024w, https:\/\/miurltemporal.com/main/triatletasenred.sport.es\/wp-content\/uploads\/banner_2-scaled-700x94.jpg 700w, https:\/\/miurltemporal.com/main/triatletasenred.sport.es\/wp-content\/uploads\/banner_2-300x40.jpg 300w, https:\/\/miurltemporal.com/main/triatletasenred.sport.es\/wp-content\/uploads\/banner_2-768x102.jpg 768w, https:\/\/miurltemporal.com/main/triatletasenred.sport.es\/wp-content\/uploads\/banner_2-640x85.jpg 640w\" sizes=\"(max-width: 702px) 100vw, 702px\" \/><\/a><\/p>\n<p style=\"text-align: justify;\">As\u00ed mismo se proclamaron SubCampeones de Europa XTERRA modalidad Physically Challenged que engloba todas las categor\u00edas para personas con discapacidad y el t\u00edtulo de SubCampeones del circuito European XTERRA Tour siendo solamente superados por el campe\u00f3n paralimpico franc\u00e9s Michel Gonon que sufre amputaci\u00f3n de una mano que ha disputado mayor n\u00famero de pruebas.<\/p>\n<p style=\"text-align: justify;\">Jos\u00e9 Manuel Cand\u00f3n paratriatleta deficiente visual del C.D. C\u00e1diz Costa de la Luz y su gu\u00eda Jonathan Mac\u00edas volvieron a demostrar el esfuerzo y sacrificio que requiere superar una prueba de estas caracter\u00edsticas. XTERRA es una prueba de Triatl\u00f3n Cross extremo que consta de tres sectores, un primer sector a nado de 1500m en el lago de la ciudad, seguido de 36 km de Bicicleta BTT con m\u00e1s de 1200 m de desnivel acumulado de dureza extrema y un \u00faltimo sector de 10 km Trail muy t\u00e9cnico y exigente.<\/p>\n<p style=\"text-align: justify;\">Los gaditanos sufrieron un percance en el km 16 del sector en bici, rompiendo la cadena de transmisi\u00f3n (Timing) de su t\u00e1ndem sin posibilidad de repararse un situ, pero no se rindieron y decidieron finalizar compitiendo con tan solo el pedaleo de Pepe, y corriendo las cuestas arriba tirado por Jonathan. Colaboraci\u00f3n, compa\u00f1erismo, esfuerzo y superaci\u00f3n, una gesta que les ha valido el reconocimiento y admiraci\u00f3n de todos los participantes, que entre todas las categor\u00edas superaron los 1500. Vuelven a casa con el apodo de aut\u00e9nticos &#8220;XTERRA Warriors&#8221;.<\/p>\n<p style=\"text-align: justify;\">El binomio que forma el TriT\u00e1ndem TORROT ha mostrado su satisfacci\u00f3n al conseguir sendos t\u00edtulos, se encuentran muy contentos sobre todo por la gesta conseguida de finalizar un sector en bici cuando estaba todo perdido y avocados a retirarse en plena prueba, pero como manifiestan &#8220;Rendirse no era nuestra opci\u00f3n principal, y si la vida nos ha ense\u00f1ado algo es que jam\u00e1s te rindas sin haberlo intentado antes.&#8221; &#8220;Ahora toca disfrutar de lo conseguido, celebrarlo con la familia y dedicarles la atenci\u00f3n que merecen pues estas \u00faltimas semanas se les ha robado mucho tiempo&#8221;, &#8220;Agradecemos a sponsors, colaboradores y apoyo prestado para poder lograr estos \u00e9xitos&#8221;<\/p>\n<p style=\"text-align: justify;\">La pareja sue\u00f1a con poder acudir al Mundial XTERRA en la isla de Maui (Hawaii) que se celebrar\u00e1 el pr\u00f3ximo 28 de octubre, para lo que a\u00fan necesitan contar con algo de apoyo econ\u00f3mico que esperan conseguir tras el buen escaparate publicitario de este \u00faltimo \u00e9xito.<\/p>\n<p style=\"text-align: justify;\">Pepe Cand\u00f3n es Teniente de Infanter\u00eda de Marina Especialista en Desactivaci\u00f3n de Explosivos en el Retiro tras un accidente cuando se preparaba para acudir al L\u00edbano de misi\u00f3n produci\u00e9ndole m\u00faltiples secuelas entre ellas una discapacidad visual severa, su gu\u00eda Jonathan Mac\u00edas es Licenciado en Educaci\u00f3n F\u00edsica y con m\u00e1s de 10 a\u00f1os de experiencia como entrenador de Triatl\u00f3n y monitor en las Escuelas Deportivas de la ciudad de Chiclana.<\/p>\n","protected":false},"excerpt":{"rendered":"<p>La pareja de triatletas formada por el asidonense pero afincado en Chiclana Jos\u00e9 Manuel Cand\u00f3n y su gu\u00eda el tambi\u00e9n chiclanero Jonathan Mac\u00edas y \u00fanicos representantes espa\u00f1oles con discapacidad en la prueba se alzaron el pasado 18 de Agosto en Zittau (Alemania) con la corona de Campe\u00f3n de Europa XTERRA en categor\u00eda Visual Impediment (T\u00e1ndem) [&hellip;]<\/p>\n","protected":false},"author":2,"featured_media":58655,"comment_status":"closed","ping_status":"closed","sticky":false,"template":"","format":"standard","meta":{"_acf_changed":false,"rank_math_lock_modified_date":false,"footnotes":""},"categories":[17],"tags":[],"class_list":{"0":"post-58654","1":"post","2":"type-post","3":"status-publish","4":"format-standard","5":"has-post-thumbnail","7":"category-actualidad"},"acf":[],"_links":{"self":[{"href":"https:\/\/miurltemporal.com/main/triatletasenred.sport.es\/wp-json\/wp\/v2\/posts\/58654"}],"collection":[{"href":"https:\/\/miurltemporal.com/main/triatletasenred.sport.es\/wp-json\/wp\/v2\/posts"}],"about":[{"href":"https:\/\/miurltemporal.com/main/triatletasenred.sport.es\/wp-json\/wp\/v2\/types\/post"}],"author":[{"embeddable":true,"href":"https:\/\/miurltemporal.com/main/triatletasenred.sport.es\/wp-json\/wp\/v2\/users\/2"}],"replies":[{"embeddable":true,"href":"https:\/\/miurltemporal.com/main/triatletasenred.sport.es\/wp-json\/wp\/v2\/comments?post=58654"}],"version-history":[{"count":0,"href":"https:\/\/miurltemporal.com/main/triatletasenred.sport.es\/wp-json\/wp\/v2\/posts\/58654\/revisions"}],"wp:featuredmedia":[{"embeddable":true,"href":"https:\/\/miurltemporal.com/main/triatletasenred.sport.es\/wp-json\/wp\/v2\/media\/58655"}],"wp:attachment":[{"href":"https:\/\/miurltemporal.com/main/triatletasenred.sport.es\/wp-json\/wp\/v2\/media?parent=58654"}],"wp:term":[{"taxonomy":"category","embeddable":true,"href":"https:\/\/miurltemporal.com/main/triatletasenred.sport.es\/wp-json\/wp\/v2\/categories?post=58654"},{"taxonomy":"post_tag","embeddable":true,"href":"https:\/\/miurltemporal.com/main/triatletasenred.sport.es\/wp-json\/wp\/v2\/tags?post=58654"}],"curies":[{"name":"wp","href":"https:\/\/api.w.org\/{rel}","templated":true}]}}