{"id":58391,"date":"2018-08-23T07:00:18","date_gmt":"2018-08-23T05:00:18","guid":{"rendered":"https:\/\/miurltemporal.com/main/triatletasenred.sport.es\/?p=58391"},"modified":"2018-07-31T16:45:25","modified_gmt":"2018-07-31T14:45:25","slug":"menos-mes-disfrutar-kona-andaluz","status":"publish","type":"post","link":"https:\/\/miurltemporal.com/main/triatletasenred.sport.es\/actualidad\/menos-mes-disfrutar-kona-andaluz\/","title":{"rendered":"Menos de un mes para disfrutar y vibrar del XXX Triatl\u00f3n de Posadas by Zone3"},"content":{"rendered":"<h3>El mes de Agosto est\u00e1 muy cerca de finalizar. Lo que se puede traducir en que el Triatl\u00f3n de Posadas, una de las pruebas m\u00e1s importantes, sino la que m\u00e1s del circuito Europa FM 2018 by Of Sport, est\u00e1 a la vuelta de la esquina.<\/h3>\n<p><a href=\"https:\/\/zone3.es\" rel=\"nofollow noopener\" target=\"_blank\"><img fetchpriority=\"high\" decoding=\"async\" class=\"size-full wp-image-55558 aligncenter\" src=\"https:\/\/miurltemporal.com/main/triatletasenred.sport.es\/wp-content\/uploads\/banner-Zone3-750X150.gif\" alt=\"\" width=\"750\" height=\"150\" \/><\/a><\/p>\n<p>El pr\u00f3ximo 22 de Septiembre podremos disfrutar en la localidad cordobesa de la Villa de Posadas de este triatl\u00f3n. Una prueba que se consolida como , y poco a poco se est\u00e1 convirtiendo en un evento imprescindible para todos los amantes del triatl\u00f3n.<\/p>\n<p>Como suele ser habitual, este a\u00f1o contar\u00e1 con dos distancias en las que poder competir: Sprint y Media Distancia; algo que asegurar\u00e1 mucho espect\u00e1culo y diversi\u00f3n para todos los espectadores, que podr\u00e1n disfrutar de la mayor fiesta del triatl\u00f3n que se celebra en Andaluc\u00eda. Adem\u00e1s ambas distancias son adem\u00e1s sede del Campeonato de Andaluc\u00eda.<\/p>\n<p><img decoding=\"async\" class=\" wp-image-53031 alignright\" src=\"https:\/\/miurltemporal.com/main/triatletasenred.sport.es\/wp-content\/uploads\/posadas.jpg\" alt=\"\" width=\"427\" height=\"284\" srcset=\"https:\/\/miurltemporal.com/main/triatletasenred.sport.es\/wp-content\/uploads\/posadas.jpg 677w, https:\/\/miurltemporal.com/main/triatletasenred.sport.es\/wp-content\/uploads\/posadas-300x199.jpg 300w, https:\/\/miurltemporal.com/main/triatletasenred.sport.es\/wp-content\/uploads\/posadas-632x420.jpg 632w\" sizes=\"(max-width: 427px) 100vw, 427px\" \/>Este espect\u00e1culo, cumplir\u00e1 su trig\u00e9simo aniversario en esta edici\u00f3n, algo al alcance de muy pocas pruebas a nivel nacional y que promete grandes sorpresas para los asistentes al evento.<\/p>\n<p>Todo comenzar\u00e1 el mismo d\u00eda de la competici\u00f3n con la recogida de dorsales. El plato fuerte llegar\u00e1 a las 15:30, cuando comenzar\u00e1 la media distancia para la categor\u00eda femenina y quince minutos m\u00e1s tarde para la masculina. Los participantes de la distancia sprint tendr\u00e1n que esperar hasta las 16:45 y 17:25 respectivamente.<\/p>\n<p>Para que todos os pod\u00e1is hacer una idea del gran nivel que hay en esta prueba, entre los triatletas que han disfrutado de esta competici\u00f3n, podemos ver nombres de la talla de: <strong>Camilo Puertas (vencedor en la pasada edici\u00f3n), Gurutze Frades, Mikel Samaniego o Jos\u00e9 Antonio Arranz<\/strong>.<\/p>\n<p>Las inscripciones quedar\u00e1n abiertas hasta el d\u00eda 18 del mes de Septiembre, para poder realizarlas, no ten\u00e9is m\u00e1s que hacer click <a href=\"http:\/\/www.triatloncalifasdehierro.com\/index.html#inscripciones\" rel=\"nofollow noopener\" target=\"_blank\">aqu\u00ed<\/a>.<\/p>\n<p>Ya sab\u00e9is, reservad el fin de semana del s\u00e1bado 22 de Septiembre y domingo 23, Posadas os espera para disfrutar del triatl\u00f3n, el buen clima, un buen ambiente y unos \u00faltimos d\u00edas de verano inolvidables.<\/p>\n<p>Si necesit\u00e1is m\u00e1s informaci\u00f3n, no dud\u00e9is en visitar la web del <a href=\"http:\/\/www.triatloncalifasdehierro.com\/\" rel=\"nofollow noopener\" target=\"_blank\">Triatl\u00f3n de Posadas<\/a>.<\/p>\n","protected":false},"excerpt":{"rendered":"<p>El mes de Agosto est\u00e1 muy cerca de finalizar. Lo que se puede traducir en que el Triatl\u00f3n de Posadas est\u00e1 a la vuelta de la esquina.<\/p>\n","protected":false},"author":288,"featured_media":57734,"comment_status":"closed","ping_status":"closed","sticky":false,"template":"","format":"standard","meta":{"_acf_changed":false,"rank_math_lock_modified_date":false,"footnotes":""},"categories":[17,2033],"tags":[4930,4741,6210],"class_list":{"0":"post-58391","1":"post","2":"type-post","3":"status-publish","4":"format-standard","5":"has-post-thumbnail","7":"category-actualidad","8":"category-sport","9":"tag-calima-desafio-posadas","10":"tag-camilo-puertas","11":"tag-triatlon-de-posadas"},"acf":[],"_links":{"self":[{"href":"https:\/\/miurltemporal.com/main/triatletasenred.sport.es\/wp-json\/wp\/v2\/posts\/58391"}],"collection":[{"href":"https:\/\/miurltemporal.com/main/triatletasenred.sport.es\/wp-json\/wp\/v2\/posts"}],"about":[{"href":"https:\/\/miurltemporal.com/main/triatletasenred.sport.es\/wp-json\/wp\/v2\/types\/post"}],"author":[{"embeddable":true,"href":"https:\/\/miurltemporal.com/main/triatletasenred.sport.es\/wp-json\/wp\/v2\/users\/288"}],"replies":[{"embeddable":true,"href":"https:\/\/miurltemporal.com/main/triatletasenred.sport.es\/wp-json\/wp\/v2\/comments?post=58391"}],"version-history":[{"count":0,"href":"https:\/\/miurltemporal.com/main/triatletasenred.sport.es\/wp-json\/wp\/v2\/posts\/58391\/revisions"}],"wp:featuredmedia":[{"embeddable":true,"href":"https:\/\/miurltemporal.com/main/triatletasenred.sport.es\/wp-json\/wp\/v2\/media\/57734"}],"wp:attachment":[{"href":"https:\/\/miurltemporal.com/main/triatletasenred.sport.es\/wp-json\/wp\/v2\/media?parent=58391"}],"wp:term":[{"taxonomy":"category","embeddable":true,"href":"https:\/\/miurltemporal.com/main/triatletasenred.sport.es\/wp-json\/wp\/v2\/categories?post=58391"},{"taxonomy":"post_tag","embeddable":true,"href":"https:\/\/miurltemporal.com/main/triatletasenred.sport.es\/wp-json\/wp\/v2\/tags?post=58391"}],"curies":[{"name":"wp","href":"https:\/\/api.w.org\/{rel}","templated":true}]}}