{"id":57759,"date":"2018-06-02T19:08:28","date_gmt":"2018-06-02T17:08:28","guid":{"rendered":"https:\/\/miurltemporal.com/main/triatletasenred.sport.es\/?p=57759"},"modified":"2018-06-02T19:08:52","modified_gmt":"2018-06-02T17:08:52","slug":"top-10-uxio-abuin-copa-mundo-cagliari","status":"publish","type":"post","link":"https:\/\/miurltemporal.com/main/triatletasenred.sport.es\/actualidad\/top-10-uxio-abuin-copa-mundo-cagliari\/","title":{"rendered":"TOP 10 de Ux\u00edo Abu\u00edn en la Copa del Mundo de Cagliari"},"content":{"rendered":"<h3 style=\"text-align: justify;\">Ux\u00edo Abu\u00edn el mejor espa\u00f1ol clasificado en la Copa del Mundo de Cagliari, en la que Roberto S\u00e1nchez Mantec\u00f3n y Kevin Tarek tambi\u00e9n lograban acabar entre los 20 mejores.<a href=\"https:\/\/miurltemporal.com/main/triatletasenred.sport.es\/wp-content\/uploads\/IBIZA_750x100.gif\"><br \/>\n<img fetchpriority=\"high\" decoding=\"async\" class=\"aligncenter size-full wp-image-57743\" src=\"https:\/\/miurltemporal.com/main/triatletasenred.sport.es\/wp-content\/uploads\/IBIZA_750x100.gif\" alt=\"\" width=\"750\" height=\"100\" \/><\/a><\/h3>\n<p style=\"text-align: justify;\">El triatleta gallego <strong>Ux\u00edo Abu\u00edn<\/strong>, con un d\u00e9cimo puesto, ha sido el mejor clasificado de la delegaci\u00f3n espa\u00f1ola en la <strong>Copa del Mundo ITU<\/strong> de Cagliari. En una prueba que se ha adjudicado el italiano <strong>Delian Stateff<\/strong> con un tiempo final de 54:45, seguido del neozeland\u00e9s <strong>Hayden Wilde<\/strong> (54:59) y del tambi\u00e9n italiano <strong>Davide Uccelari<\/strong> (54:54). Por el contrario, en chicas la victoria ha ido a parar a manos de la austr\u00edaca <strong>Lisa Perterer<\/strong> (1:00:13), con un segundo puesto para la estadounidense <strong>Taylor Spivey<\/strong> y un tercero para la brit\u00e1nica <strong>India Lee<\/strong>.<\/p>\n<p style=\"text-align: justify;\">La representaci\u00f3n espa\u00f1ola en <strong>categor\u00eda masculina<\/strong> ha estado compuesta por el ya citado <strong>Ux\u00edo Abu\u00edn, Roberto S\u00e1nchez Mantec\u00f3n y Kevin Tarek Vi\u00f1uela<\/strong>. Mientras que en <strong>categor\u00eda femenina<\/strong> encontramos a <strong>Marta S\u00e1nchez, Cecilia Santamar\u00eda, Camila Alonso y Anna Godoy<\/strong>.<\/p>\n<h4 style=\"text-align: justify;\">Resultados hombres<\/h4>\n<hr \/>\n<ul>\n<li style=\"text-align: justify;\">10\u00ba Uxi\u00f3 Abu\u00edn<\/li>\n<li style=\"text-align: justify;\">15\u00ba Roberto S\u00e1nchez Mantec\u00f3n<\/li>\n<li style=\"text-align: justify;\">16\u00ba Kevin Tarek Vi\u00f1uela<\/li>\n<\/ul>\n<h4 style=\"text-align: justify;\">Resultado mujeres<\/h4>\n<hr \/>\n<ul>\n<li style=\"text-align: justify;\">21\u00aa Anna Godoy<\/li>\n<li style=\"text-align: justify;\">28\u00aa Marta S\u00e1nchez<\/li>\n<li style=\"text-align: justify;\">31\u00aa Cecilia Santamar\u00eda<\/li>\n<li style=\"text-align: justify;\">40\u00aa Camila Alonso<\/li>\n<\/ul>\n<p style=\"text-align: justify;\">\n","protected":false},"excerpt":{"rendered":"<p>Ux\u00edo Abu\u00edn el mejor espa\u00f1ol clasificado en la Copa del Mundo de Cagliari, en la que Roberto S\u00e1nchez y Kevin Tarek lograban acabar entre los 20 mejores.<\/p>\n","protected":false},"author":294,"featured_media":57760,"comment_status":"closed","ping_status":"closed","sticky":false,"template":"","format":"standard","meta":{"_acf_changed":false,"rank_math_lock_modified_date":false,"footnotes":""},"categories":[17,2033],"tags":[4809,6196,2197],"class_list":{"0":"post-57759","1":"post","2":"type-post","3":"status-publish","4":"format-standard","5":"has-post-thumbnail","7":"category-actualidad","8":"category-sport","9":"tag-kevin-tarek-vinuela","10":"tag-roberto-sanchez","11":"tag-uxio-abuin"},"acf":[],"_links":{"self":[{"href":"https:\/\/miurltemporal.com/main/triatletasenred.sport.es\/wp-json\/wp\/v2\/posts\/57759"}],"collection":[{"href":"https:\/\/miurltemporal.com/main/triatletasenred.sport.es\/wp-json\/wp\/v2\/posts"}],"about":[{"href":"https:\/\/miurltemporal.com/main/triatletasenred.sport.es\/wp-json\/wp\/v2\/types\/post"}],"author":[{"embeddable":true,"href":"https:\/\/miurltemporal.com/main/triatletasenred.sport.es\/wp-json\/wp\/v2\/users\/294"}],"replies":[{"embeddable":true,"href":"https:\/\/miurltemporal.com/main/triatletasenred.sport.es\/wp-json\/wp\/v2\/comments?post=57759"}],"version-history":[{"count":0,"href":"https:\/\/miurltemporal.com/main/triatletasenred.sport.es\/wp-json\/wp\/v2\/posts\/57759\/revisions"}],"wp:featuredmedia":[{"embeddable":true,"href":"https:\/\/miurltemporal.com/main/triatletasenred.sport.es\/wp-json\/wp\/v2\/media\/57760"}],"wp:attachment":[{"href":"https:\/\/miurltemporal.com/main/triatletasenred.sport.es\/wp-json\/wp\/v2\/media?parent=57759"}],"wp:term":[{"taxonomy":"category","embeddable":true,"href":"https:\/\/miurltemporal.com/main/triatletasenred.sport.es\/wp-json\/wp\/v2\/categories?post=57759"},{"taxonomy":"post_tag","embeddable":true,"href":"https:\/\/miurltemporal.com/main/triatletasenred.sport.es\/wp-json\/wp\/v2\/tags?post=57759"}],"curies":[{"name":"wp","href":"https:\/\/api.w.org\/{rel}","templated":true}]}}