{"id":57751,"date":"2018-06-01T12:00:29","date_gmt":"2018-06-01T10:00:29","guid":{"rendered":"https:\/\/miurltemporal.com/main/triatletasenred.sport.es\/?p=57751"},"modified":"2018-06-01T12:30:25","modified_gmt":"2018-06-01T10:30:25","slug":"ivan-rana-zarautz","status":"publish","type":"post","link":"https:\/\/miurltemporal.com/main/triatletasenred.sport.es\/actualidad\/ivan-rana-zarautz\/","title":{"rendered":"Ivan Ra\u00f1a buscar\u00e1 la txapela en el Zarauzko Triatloia el pr\u00f3ximo 9 de junio"},"content":{"rendered":"<h3 style=\"text-align: justify;\">Es sabido que Iv\u00e1n\u00a0Ra\u00f1a se mueve por instintos y el siguiente movimiento del animal ser\u00e1 en tierras del norte. Del Ironman Lanzarote al\u00a0Zarauzko Triatloia para intentar llevarse una txapela que va a estar disputad\u00edsima.<\/h3>\n<p style=\"text-align: justify;\"><a href=\"http:\/\/etixxsports.com\/?lang=es\" rel=\"nofollow noopener\" target=\"_blank\"><img fetchpriority=\"high\" decoding=\"async\" class=\"aligncenter size-full wp-image-56824\" src=\"https:\/\/miurltemporal.com/main/triatletasenred.sport.es\/wp-content\/uploads\/etixx-banner-750x100.gif\" alt=\"\" width=\"750\" height=\"100\" \/><\/a><\/p>\n<p style=\"text-align: justify;\">Tras el segundo puesto en Lanzarote, la organizaci\u00f3n del\u00a0Zarauzko Triatloia ha confirmado hoy mismo <a href=\"http:\/\/www.zarauzkotriatloia.com\/\" rel=\"nofollow noopener\" target=\"_blank\">en su p\u00e1gina web<\/a> que el gallego estar\u00e1 en la linea de salida de la playa de Getaria el pr\u00f3ximo s\u00e1bado 9 de junio.<\/p>\n<p style=\"text-align: justify;\">Ra\u00f1a intentar\u00e1 llevarse una txapela muy codiciada por otros atletas de grand\u00edsimo nivel como es el vigente campe\u00f3 de Espa\u00f1a de Media Distancia, <strong>Gustavo Rodr\u00edguez<\/strong>, el atleta balear <strong>Miguel Angel Fidalgo<\/strong> o el rodense <strong>David Castro<\/strong> que ataca esta prueba de media distancia. Pakillo Fern\u00e1ndez o Joan Ruvireta son otros nombres que podr\u00edan disputar el podio de esta edici\u00f3n 2018 del\u00a0Zarauzko Triatloia.<\/p>\n<p>En categor\u00eda femenina no va a ser menos la disputa por la txapela. J<strong>oselyn Brea<\/strong> defendera su corona ante atletas que llegan en un gran nivel de forma como son \u00a0<strong>Judith Corach\u00e1n<\/strong> o <strong>Sara Loehr<\/strong>. La larga nataci\u00f3n puede beneficiar tambi\u00e9n a una <strong>Helene Alberdi<\/strong> que viene sumando podios de lujo en las \u00faltimas pruebas disputadas (Pamplona y Guadalajara)<\/p>\n<p>La batalla est\u00e1 servida y tan solo nos queda una semana para conocer el desenlace de esta prueba que contar\u00e1 con 700 inscritos que disfrutar\u00e1n de su participaci\u00f3n en lo que se ha llamado &#8220;la meca&#8221; del triatl\u00f3n.<\/p>\n","protected":false},"excerpt":{"rendered":"<p>Es sabido que Iv\u00e1n\u00a0Ra\u00f1a se mueve por instintos y el siguiente movimiento del animal ser\u00e1 en tierras del norte. Del Ironman Lanzarote al\u00a0Zarauzko Triatloia para intentar llevarse una txapela que va a estar disputad\u00edsima. Tras el segundo puesto en Lanzarote, la organizaci\u00f3n del\u00a0Zarauzko Triatloia ha confirmado hoy mismo en su p\u00e1gina web que el gallego [&hellip;]<\/p>\n","protected":false},"author":2,"featured_media":57754,"comment_status":"closed","ping_status":"closed","sticky":false,"template":"","format":"standard","meta":{"_acf_changed":false,"rank_math_lock_modified_date":false,"footnotes":""},"categories":[17],"tags":[403,2147,716],"class_list":{"0":"post-57751","1":"post","2":"type-post","3":"status-publish","4":"format-standard","5":"has-post-thumbnail","7":"category-actualidad","8":"tag-ivan-rana","9":"tag-zarautz","10":"tag-zarauzko-triatloia"},"acf":[],"_links":{"self":[{"href":"https:\/\/miurltemporal.com/main/triatletasenred.sport.es\/wp-json\/wp\/v2\/posts\/57751"}],"collection":[{"href":"https:\/\/miurltemporal.com/main/triatletasenred.sport.es\/wp-json\/wp\/v2\/posts"}],"about":[{"href":"https:\/\/miurltemporal.com/main/triatletasenred.sport.es\/wp-json\/wp\/v2\/types\/post"}],"author":[{"embeddable":true,"href":"https:\/\/miurltemporal.com/main/triatletasenred.sport.es\/wp-json\/wp\/v2\/users\/2"}],"replies":[{"embeddable":true,"href":"https:\/\/miurltemporal.com/main/triatletasenred.sport.es\/wp-json\/wp\/v2\/comments?post=57751"}],"version-history":[{"count":0,"href":"https:\/\/miurltemporal.com/main/triatletasenred.sport.es\/wp-json\/wp\/v2\/posts\/57751\/revisions"}],"wp:featuredmedia":[{"embeddable":true,"href":"https:\/\/miurltemporal.com/main/triatletasenred.sport.es\/wp-json\/wp\/v2\/media\/57754"}],"wp:attachment":[{"href":"https:\/\/miurltemporal.com/main/triatletasenred.sport.es\/wp-json\/wp\/v2\/media?parent=57751"}],"wp:term":[{"taxonomy":"category","embeddable":true,"href":"https:\/\/miurltemporal.com/main/triatletasenred.sport.es\/wp-json\/wp\/v2\/categories?post=57751"},{"taxonomy":"post_tag","embeddable":true,"href":"https:\/\/miurltemporal.com/main/triatletasenred.sport.es\/wp-json\/wp\/v2\/tags?post=57751"}],"curies":[{"name":"wp","href":"https:\/\/api.w.org\/{rel}","templated":true}]}}