{"id":57519,"date":"2018-05-18T16:53:17","date_gmt":"2018-05-18T14:53:17","guid":{"rendered":"https:\/\/miurltemporal.com/main/triatletasenred.sport.es\/?p=57519"},"modified":"2018-05-18T16:57:03","modified_gmt":"2018-05-18T14:57:03","slug":"noya-kona","status":"publish","type":"post","link":"https:\/\/miurltemporal.com/main/triatletasenred.sport.es\/actualidad\/noya-kona\/","title":{"rendered":"Javi G\u00f3mez Noya : &#8220;En Kona soy el nuevo, los favoritos son otros&#8221;"},"content":{"rendered":"<h3 style=\"text-align: justify;\">Entrevistamos a Javier G\u00f3mez Noya en un a\u00f1o at\u00edpico para el gallego con el objetivo de estar entre los mejores en el Campeonato del Mundo Ironman.<\/h3>\n<p style=\"text-align: justify;\"><img fetchpriority=\"high\" decoding=\"async\" class=\"aligncenter size-full wp-image-56582\" src=\"https:\/\/miurltemporal.com/main/triatletasenred.sport.es\/wp-content\/uploads\/on-banner.jpg\" alt=\"\" width=\"750\" height=\"100\" srcset=\"https:\/\/miurltemporal.com/main/triatletasenred.sport.es\/wp-content\/uploads\/on-banner.jpg 750w, https:\/\/miurltemporal.com/main/triatletasenred.sport.es\/wp-content\/uploads\/on-banner-700x93.jpg 700w, https:\/\/miurltemporal.com/main/triatletasenred.sport.es\/wp-content\/uploads\/on-banner-300x40.jpg 300w\" sizes=\"(max-width: 750px) 100vw, 750px\" \/><\/p>\n<p style=\"text-align: justify;\">No descubrimos nada nuevo si decimos que Javi G\u00f3mez Noya es sin duda el mejor triatleta de todos los tiempos y en esta entrevista vemos, una vez m\u00e1s, como con la humildad y el trabajo diario por bandera, el gallego sigue agrandando su leyenda.<\/p>\n<p>Con la fenomenal excusa de la renovaci\u00f3n de su patrocinio con la <strong>l\u00ednea de productos Futuro de 3M<\/strong>, Noya nos habla de su actual estado de forma antes de participar en el <strong>Ironman 70.3 Barcelona<\/strong> el 20 de mayo y comparte sus sensaciones en relaci\u00f3n a otros a\u00f1os en los que los objetivos de nuestra leyenda se centraban en las Series Mundiales o pruebas de corta distancia.<\/p>\n<p style=\"text-align: justify;\"><strong>&#8220;Son muchos los cambios, no solo de volumen si no a nivel nutricional (&#8230;) veo cada d\u00eda que entreno la diferencia y las exigencias que tiene la larga distancia, es un mundo diferente<\/strong>&#8221; comenta Javi.<\/p>\n<p style=\"text-align: justify;\">Respecto a su camino a Kona, Noya habla de su inminente debut en el Ironman Cairns. Tan solo necesita completarlo para entrar entre los elegidos para la disputa del Campeonato del Mundo Ironman : &#8220;<strong>Para mi es una prueba con un doble objetivo, por un lado intentar certificar la clasificaci\u00f3n y de otro lado un test de calidad en la distancia del que sacar datos de cara a Kona&#8221;<\/strong><\/p>\n<p><img decoding=\"async\" class=\"aligncenter wp-image-57520\" src=\"https:\/\/miurltemporal.com/main/triatletasenred.sport.es\/wp-content\/uploads\/Noya-Calella.jpg\" alt=\"\" width=\"375\" height=\"250\" srcset=\"https:\/\/miurltemporal.com/main/triatletasenred.sport.es\/wp-content\/uploads\/Noya-Calella.jpg 600w, https:\/\/miurltemporal.com/main/triatletasenred.sport.es\/wp-content\/uploads\/Noya-Calella-300x200.jpg 300w\" sizes=\"(max-width: 375px) 100vw, 375px\" \/><br \/>\nLa hoja de ruta de Noya no pasa a priori por competir en ninguna otra prueba si logra la clasificaci\u00f3n pero no descarta mofificar su calendario &#8220;<strong>En principio no tengo intenci\u00f3n de competir en ninguna otra prueba de larga distancia, pero seg\u00fan como se desarrolle el debut podr\u00edamos plantearnos otra prueba antes de Kona<\/strong>&#8221;<\/p>\n<p style=\"text-align: justify;\">En lo que se refiere a los titulares que sit\u00faan a Javi G\u00f3mez Noya entre los favoritos, el gallego es tajante &#8221; <strong>Yo soy el nuevo en la distancia, hay grandes y contrastados atletas como Frodeno, Sanders, Lange o Kienle que para mi son los favoritos (&#8230;) ellos han demostrado que pueden ganar esas carreras y yo no he hecho ninguna todav\u00eda&#8221;<\/strong><\/p>\n<p style=\"text-align: justify;\">Noya no esconde que le gustar\u00eda estar en la pomada pero prefiere mantener la calma y dejar la presi\u00f3n a un lado.<\/p>\n<p style=\"text-align: justify;\">En el camino a Hawaii Noya intentar\u00e1 revalidar el t\u00edtulo del Mundial Ironman 70.3. &#8220;<strong>Son seis semanas de diferencia y aunque no voy a modificar mi preparaci\u00f3n a Kona por el 70.3, yo creo que se puede hacer&#8221;.<\/strong><\/p>\n<p style=\"text-align: justify;\">Por \u00faltimo Javi ha querido lanzar un mensaje al aire. Al preguntarle si a\u00f1ora la competici\u00f3n de Series Mundiales Noya valora el gran papel de los espa\u00f1oles, especialmente Mario Mola : &#8220;<strong>En pruebas como Abu Dhabi con la lluvia y las ca\u00eddas no me dieron ninguna envidia pero viendo Bermudas y Yokohama&#8230;no descarto volver estar ah\u00ed&#8221;<\/strong><\/p>\n<p style=\"text-align: justify;\">\n","protected":false},"excerpt":{"rendered":"<p>Entrevistamos a Javier G\u00f3mez Noya en un a\u00f1o at\u00edpico para el gallego con el objetivo de estar entre los mejores en el Campeonato del Mundo Ironman. No descubrimos nada nuevo si decimos que Javi G\u00f3mez Noya es sin duda el mejor triatleta de todos los tiempos y en esta entrevista vemos, una vez m\u00e1s, como [&hellip;]<\/p>\n","protected":false},"author":2,"featured_media":57521,"comment_status":"closed","ping_status":"closed","sticky":false,"template":"","format":"standard","meta":{"_acf_changed":false,"rank_math_lock_modified_date":false,"footnotes":""},"categories":[17,10,2033],"tags":[404,6171,372,1782],"class_list":{"0":"post-57519","1":"post","2":"type-post","3":"status-publish","4":"format-standard","5":"has-post-thumbnail","7":"category-actualidad","8":"category-entrevistas-triatlon","9":"category-sport","10":"tag-ironman","11":"tag-javi-gome-noya","12":"tag-kona","13":"tag-video"},"acf":[],"_links":{"self":[{"href":"https:\/\/miurltemporal.com/main/triatletasenred.sport.es\/wp-json\/wp\/v2\/posts\/57519"}],"collection":[{"href":"https:\/\/miurltemporal.com/main/triatletasenred.sport.es\/wp-json\/wp\/v2\/posts"}],"about":[{"href":"https:\/\/miurltemporal.com/main/triatletasenred.sport.es\/wp-json\/wp\/v2\/types\/post"}],"author":[{"embeddable":true,"href":"https:\/\/miurltemporal.com/main/triatletasenred.sport.es\/wp-json\/wp\/v2\/users\/2"}],"replies":[{"embeddable":true,"href":"https:\/\/miurltemporal.com/main/triatletasenred.sport.es\/wp-json\/wp\/v2\/comments?post=57519"}],"version-history":[{"count":0,"href":"https:\/\/miurltemporal.com/main/triatletasenred.sport.es\/wp-json\/wp\/v2\/posts\/57519\/revisions"}],"wp:featuredmedia":[{"embeddable":true,"href":"https:\/\/miurltemporal.com/main/triatletasenred.sport.es\/wp-json\/wp\/v2\/media\/57521"}],"wp:attachment":[{"href":"https:\/\/miurltemporal.com/main/triatletasenred.sport.es\/wp-json\/wp\/v2\/media?parent=57519"}],"wp:term":[{"taxonomy":"category","embeddable":true,"href":"https:\/\/miurltemporal.com/main/triatletasenred.sport.es\/wp-json\/wp\/v2\/categories?post=57519"},{"taxonomy":"post_tag","embeddable":true,"href":"https:\/\/miurltemporal.com/main/triatletasenred.sport.es\/wp-json\/wp\/v2\/tags?post=57519"}],"curies":[{"name":"wp","href":"https:\/\/api.w.org\/{rel}","templated":true}]}}