{"id":57492,"date":"2018-05-17T14:56:01","date_gmt":"2018-05-17T12:56:01","guid":{"rendered":"https:\/\/miurltemporal.com/main/triatletasenred.sport.es\/?p=57492"},"modified":"2018-05-17T14:56:01","modified_gmt":"2018-05-17T12:56:01","slug":"copa-del-mundo-astana-2018-triarmada","status":"publish","type":"post","link":"https:\/\/miurltemporal.com/main/triatletasenred.sport.es\/actualidad\/copa-del-mundo-astana-2018-triarmada\/","title":{"rendered":"La Copa del Mundo de Astana contar\u00e1 con 6 espa\u00f1oles"},"content":{"rendered":"<h3 style=\"text-align: justify;\">La TRIARMADA tiene una nueva cita con el triatl\u00f3n en la Copa del Mundo de Astana, el pr\u00f3ximo s\u00e1bado 19 de mayo, donde podr\u00e1n seguir sumando puntos para la clasificaci\u00f3n de Tokio 2020.<\/h3>\n<p><img fetchpriority=\"high\" decoding=\"async\" class=\"aligncenter size-large wp-image-54603\" src=\"https:\/\/miurltemporal.com/main/triatletasenred.sport.es\/wp-content\/uploads\/Banniere-Triatletas-1024x219.jpg\" alt=\"\" width=\"702\" height=\"150\" \/><\/p>\n<p style=\"text-align: justify;\">Sin casi tiempo para saborear el doblete espa\u00f1ol en las <strong>Series Mundiales de Yokohama<\/strong> del pasado fin de semana, con la victoria de <strong>Mario Mola<\/strong> y el segundo puesto de <strong>Fernando Alarza<\/strong>, la <strong>TRIARMAD<\/strong>A vuelve a enfundarse el mono de competici\u00f3n para la celebraci\u00f3n de la <strong>Copa del Mundo de Triatl\u00f3n de Astana<\/strong>. Lo que supone la quinta prueba del calendario que la <strong>ITU<\/strong> ha preparado para la segunda competici\u00f3n anual m\u00e1s importante por detr\u00e1s de las Series Mundiales.<\/p>\n<p style=\"text-align: justify;\">A la cita acudir\u00e1n <strong>seis espa\u00f1oles<\/strong>, cuatro en categor\u00eda femenina y dos en categor\u00eda masculina. Las chicas llegan con ganas de resarcirse del resultado conseguido en Yokohama, donde\u00a0la mejor espa\u00f1ola fue <strong>Cecilia Santamar\u00eda<\/strong> que termin\u00f3 en el puesto 43, seguida de<strong> In\u00e9s Santiago<\/strong> que termin\u00f3 dos posiciones por detr\u00e1s y donde la mala suerte se ceb\u00f3 con <strong>Camila Alonso<\/strong> y <strong>Anna Godoy<\/strong>, que sufrieron sendos abandonos. Con las energ\u00edas renovadas aterrizan en la actual capital de <strong>Kazajist\u00e1n<\/strong>, para intentar seguir sumando los puntos necesarios que las acerque a los <strong>Juegos Ol\u00edmpicos de Tokio 2020<\/strong>.<\/p>\n<p style=\"text-align: justify;\">En chicos, caen de la lista todos los triatletas que corrieron en tierras niponas, pero aparecen con fuerza dos nombres nuevos, <strong>Ignacio Gonz\u00e1lez y Alberto Ca\u00f1as<\/strong>, con mucha ilusi\u00f3n de lograr un buen resultado y seguir sumando experiencias a su palmar\u00e9s.<\/p>\n<p style=\"text-align: justify;\">Muy atentos a la participaci\u00f3n del h\u00fangaro <strong>Bence Bics\u00e1k<\/strong>, el franc\u00e9s <strong>Felix Duchampt<\/strong> y el alem\u00e1n <strong>Jonas Schomburg<\/strong>, en chicos. Mientras que en chicas, la veterana sudafricana <strong>Gillian Sanders<\/strong> se postula como favorita a la victoria.<\/p>\n","protected":false},"excerpt":{"rendered":"<p>La TRIARMADA tiene una nueva cita con el triatl\u00f3n en la Copa del Mundo de Astana el pr\u00f3ximo s\u00e1bado 19 de mayo con hasta 6 espa\u00f1oles en la salida.<\/p>\n","protected":false},"author":294,"featured_media":56993,"comment_status":"closed","ping_status":"closed","sticky":false,"template":"","format":"standard","meta":{"_acf_changed":false,"rank_math_lock_modified_date":false,"footnotes":""},"categories":[17,2033],"tags":[2533,930,24],"class_list":{"0":"post-57492","1":"post","2":"type-post","3":"status-publish","4":"format-standard","5":"has-post-thumbnail","7":"category-actualidad","8":"category-sport","9":"tag-copa-del-mundo","10":"tag-itu","11":"tag-triatlon"},"acf":[],"_links":{"self":[{"href":"https:\/\/miurltemporal.com/main/triatletasenred.sport.es\/wp-json\/wp\/v2\/posts\/57492"}],"collection":[{"href":"https:\/\/miurltemporal.com/main/triatletasenred.sport.es\/wp-json\/wp\/v2\/posts"}],"about":[{"href":"https:\/\/miurltemporal.com/main/triatletasenred.sport.es\/wp-json\/wp\/v2\/types\/post"}],"author":[{"embeddable":true,"href":"https:\/\/miurltemporal.com/main/triatletasenred.sport.es\/wp-json\/wp\/v2\/users\/294"}],"replies":[{"embeddable":true,"href":"https:\/\/miurltemporal.com/main/triatletasenred.sport.es\/wp-json\/wp\/v2\/comments?post=57492"}],"version-history":[{"count":0,"href":"https:\/\/miurltemporal.com/main/triatletasenred.sport.es\/wp-json\/wp\/v2\/posts\/57492\/revisions"}],"wp:featuredmedia":[{"embeddable":true,"href":"https:\/\/miurltemporal.com/main/triatletasenred.sport.es\/wp-json\/wp\/v2\/media\/56993"}],"wp:attachment":[{"href":"https:\/\/miurltemporal.com/main/triatletasenred.sport.es\/wp-json\/wp\/v2\/media?parent=57492"}],"wp:term":[{"taxonomy":"category","embeddable":true,"href":"https:\/\/miurltemporal.com/main/triatletasenred.sport.es\/wp-json\/wp\/v2\/categories?post=57492"},{"taxonomy":"post_tag","embeddable":true,"href":"https:\/\/miurltemporal.com/main/triatletasenred.sport.es\/wp-json\/wp\/v2\/tags?post=57492"}],"curies":[{"name":"wp","href":"https:\/\/api.w.org\/{rel}","templated":true}]}}