{"id":57131,"date":"2018-04-24T12:01:40","date_gmt":"2018-04-24T10:01:40","guid":{"rendered":"https:\/\/miurltemporal.com/main/triatletasenred.sport.es\/?p=57131"},"modified":"2018-04-24T12:02:08","modified_gmt":"2018-04-24T10:02:08","slug":"superleague-espana","status":"publish","type":"post","link":"https:\/\/miurltemporal.com/main/triatletasenred.sport.es\/actualidad\/superleague-espana\/","title":{"rendered":"Mallorca ser\u00e1 sede de la  SuperLeague Triathlon que llega a Espa\u00f1a este 2018"},"content":{"rendered":"<h3 style=\"text-align: justify;\">La competici\u00f3n alternativa de triatl\u00f3n que promueve el ex-campe\u00f3n del mundo Chris Mc Cormack aterrizar\u00e1 en Espa\u00f1a en la edici\u00f3n 2018 del circuito.<\/h3>\n<p style=\"text-align: justify;\"><a href=\"http:\/\/www.inverseteams.com\/es\/ropa-de-triatlon-personalizada?utm_source=Triatletas%20en%20Red%202017&amp;utm_medium=Banner&amp;utm_campaign=Banner%20triatletas%20personalizado%20triatl\u00f3n%20inverseteams%202017&amp;utm_term=Banner%20triatletas%20personalizado%20triatl\u00f3n%20inverseteams%202017&amp;utm_content=Banner%20triatletas%20personalizado%20triatl\u00f3n%20inverseteams%202017\" rel=\"nofollow noopener\" target=\"_blank\"><img fetchpriority=\"high\" decoding=\"async\" class=\"aligncenter size-full wp-image-54866\" src=\"https:\/\/miurltemporal.com/main/triatletasenred.sport.es\/wp-content\/uploads\/BANNER-TRIATLETAS-EN-RED-700X150-1.gif\" alt=\"\" width=\"700\" height=\"150\" \/><\/a><\/p>\n<p style=\"text-align: justify;\">Seg\u00fan ha anunciado la organizaci\u00f3n de la SuperLeague Triathlon, Espa\u00f1a ser\u00e1 una de las sedes del circuito en el que los mejores triatletas del mundo se ponen a prueba en un particular formato de competici\u00f3n. La isla de Mallorca ser\u00e1 as\u00ed anfitriona el fin de semana del 3 y 4 de novembre de la que ser\u00eda la tercera sede tras Jersey (septiembre 2017) y\u00a0\u00a0Malta (27-28 Octubre).\u00a0Despu\u00e9s el circuito viajar\u00e1 a Singapur (23-24 febrero de 2019) y cerrar\u00e1 la competici\u00f3n en Australia (16-17 Marzo 2019).<\/p>\n<p style=\"text-align: justify;\">Los <strong>hermanos Brownlee<\/strong> (GBR),<strong> Flora Duffy<\/strong> (BER), <strong>Richard Murray<\/strong> (RSA), <strong>Henri Schoeman<\/strong> (RSA), <strong>Mario Mola<\/strong> (ESP), <strong>Ashleigh Gentle<\/strong> (AUS),<strong> Nicola Spirig<\/strong> (SUI) o\u00a0<strong>Katie Zaferes<\/strong> (USA) son algunos de los atletas confirmados para la temporada 2018-2019 de la <strong>SuperLeague Triathlon.<\/strong><\/p>\n<p>&nbsp;<\/p>\n","protected":false},"excerpt":{"rendered":"<p>La competici\u00f3n alternativa de triatl\u00f3n que promueve el ex-campe\u00f3n del mundo Chris Mc Cormack aterrizar\u00e1 en Espa\u00f1a en la edici\u00f3n 2018 del circuito. Seg\u00fan ha anunciado la organizaci\u00f3n de la SuperLeague Triathlon, Espa\u00f1a ser\u00e1 una de las sedes del circuito en el que los mejores triatletas del mundo se ponen a prueba en un particular [&hellip;]<\/p>\n","protected":false},"author":2,"featured_media":57132,"comment_status":"closed","ping_status":"closed","sticky":false,"template":"","format":"standard","meta":{"_acf_changed":false,"rank_math_lock_modified_date":false,"footnotes":""},"categories":[17],"tags":[465,5446],"class_list":{"0":"post-57131","1":"post","2":"type-post","3":"status-publish","4":"format-standard","5":"has-post-thumbnail","7":"category-actualidad","8":"tag-mallorca","9":"tag-superleague-triathlon"},"acf":[],"_links":{"self":[{"href":"https:\/\/miurltemporal.com/main/triatletasenred.sport.es\/wp-json\/wp\/v2\/posts\/57131"}],"collection":[{"href":"https:\/\/miurltemporal.com/main/triatletasenred.sport.es\/wp-json\/wp\/v2\/posts"}],"about":[{"href":"https:\/\/miurltemporal.com/main/triatletasenred.sport.es\/wp-json\/wp\/v2\/types\/post"}],"author":[{"embeddable":true,"href":"https:\/\/miurltemporal.com/main/triatletasenred.sport.es\/wp-json\/wp\/v2\/users\/2"}],"replies":[{"embeddable":true,"href":"https:\/\/miurltemporal.com/main/triatletasenred.sport.es\/wp-json\/wp\/v2\/comments?post=57131"}],"version-history":[{"count":0,"href":"https:\/\/miurltemporal.com/main/triatletasenred.sport.es\/wp-json\/wp\/v2\/posts\/57131\/revisions"}],"wp:featuredmedia":[{"embeddable":true,"href":"https:\/\/miurltemporal.com/main/triatletasenred.sport.es\/wp-json\/wp\/v2\/media\/57132"}],"wp:attachment":[{"href":"https:\/\/miurltemporal.com/main/triatletasenred.sport.es\/wp-json\/wp\/v2\/media?parent=57131"}],"wp:term":[{"taxonomy":"category","embeddable":true,"href":"https:\/\/miurltemporal.com/main/triatletasenred.sport.es\/wp-json\/wp\/v2\/categories?post=57131"},{"taxonomy":"post_tag","embeddable":true,"href":"https:\/\/miurltemporal.com/main/triatletasenred.sport.es\/wp-json\/wp\/v2\/tags?post=57131"}],"curies":[{"name":"wp","href":"https:\/\/api.w.org\/{rel}","templated":true}]}}