{"id":57122,"date":"2018-04-23T11:27:21","date_gmt":"2018-04-23T09:27:21","guid":{"rendered":"https:\/\/miurltemporal.com/main/triatletasenred.sport.es\/?p=57122"},"modified":"2018-04-24T11:52:18","modified_gmt":"2018-04-24T09:52:18","slug":"triatlon-equipos-una-prueba-tan-atipica-emocionante","status":"publish","type":"post","link":"https:\/\/miurltemporal.com/main/triatletasenred.sport.es\/en-red\/triatlon-equipos-una-prueba-tan-atipica-emocionante\/","title":{"rendered":"El triatl\u00f3n por equipos una prueba tan at\u00edpica como emocionante"},"content":{"rendered":"<h3 style=\"text-align: justify;\">El triatl\u00f3n por equipos no se prodiga demasiado en el calendario pero sin duda es una de las pruebas que m\u00e1s \u00e9xito tienen en estos momentos de la temporada en la que nos encontramos a\u00fan de puesta a punto.<\/h3>\n<p style=\"text-align: justify;\"><a href=\"http:\/\/100x100half.com\" rel=\"nofollow noopener\" target=\"_blank\"><img fetchpriority=\"high\" decoding=\"async\" class=\"aligncenter size-main-slider wp-image-55716\" src=\"https:\/\/miurltemporal.com/main/triatletasenred.sport.es\/wp-content\/uploads\/banner-100Half-750X150-702x150.gif\" alt=\"\" width=\"702\" height=\"150\" \/><\/a><\/p>\n<p style=\"text-align: justify;\">Un ejemplo es el Triatl\u00f3n por equipos de El Prat, una prueba que ya tiene un amplio recorrido con 22 a\u00f1os de historia, \u00a0y con un primo-hermano en el famoso duatl\u00f3n por equipos que ellos mismos organizan.<\/p>\n<p style=\"text-align: justify;\">Este 2018 un buen n\u00famero de\u00a0clubes catalanes estar\u00e1n en la salida \u00e9lite y otros tantos\u00a0en la salida open se dar\u00e1n cita en la playa de la localidad barcelonesa de El Prat de Llobregat para participar\u00a0este evento disputado en distancia sprint.<\/p>\n<p style=\"text-align: justify;\"><img decoding=\"async\" class=\"alignright \" src=\"https:\/\/scontent.fmad7-1.fna.fbcdn.net\/v\/t31.0-8\/18238545_1327902633951997_6826976058073969800_o.jpg?_nc_cat=0&amp;oh=29d768758a51a9e34ce076037f2bc45d&amp;oe=5B51AD2A\" width=\"421\" height=\"279\" \/>Victor Doba\u00f1o, presidente y alma mater del club organizador nos comenta que el reto de la organizaci\u00f3n est\u00e1 en ofrecer unas garant\u00edas de seguridad y rigor sin renunciar al &#8220;divertimento&#8221; propio de una prueba de estas caracter\u00edsticas en sus dos vertientes: \u00c9lite y popular.<\/p>\n<p style=\"text-align: justify;\">En la versi\u00f3n \u00e9lite los mejores clubes luchar\u00e1n por llevarse el campeonato auton\u00f3mico en ambas categorias, masculina y femenina. Adem\u00e1s del Club local, <strong>los y las gladiadoras de El Prat<\/strong>, son favoritos a esta victoria como lo son clubes del nivel del <strong>Fasttriatl\u00f3n, RayoTeam, CN Matar\u00f3<\/strong> o otros tantos clubes emergentes que suben el nivel de la competici\u00f3n a\u00f1o tras a\u00f1o.<\/p>\n<p style=\"text-align: justify;\">En la modalidad Open, sin renunciar a los aspectos competitivos, el abanico de opciones es m\u00e1s amplio y menos limitado en cuanto a participantes. Doba\u00f1o y El Prat promueven esta modalidad como una manera l\u00fadica de vivir este deporte.<\/p>\n<p style=\"text-align: justify;\">A pocas horas para el cierre de inscripciones, a\u00fan quedan algunas plazas para disfritar de El Triatl\u00f3n por equipos de El Prat.<\/p>\n<p style=\"text-align: justify;\"><a class=\"vc_btn vc_btn-default vc_btn-sm vc_btn_square \" href=\"http:\/\/prattriatlo.com\/?page_id=1513&#038;lang=es\" rel=\"nofollow noopener\" target=\"_blank\">M\u00e1s Informaci\u00f3n e inscripciones<\/a><\/p>\n<p style=\"text-align: justify;\"><strong>Fotos: Carlos Hervera<\/strong><\/p>\n","protected":false},"excerpt":{"rendered":"<p>El triatl\u00f3n por equipos no se prodiga demasiado en el calendario pero sin duda es una de las pruebas que m\u00e1s \u00e9xito tienen en estos momentos de la temporada en la que nos encontramos a\u00fan de puesta a punto. Un ejemplo es el Triatl\u00f3n por equipos de El Prat, una prueba que ya tiene un [&hellip;]<\/p>\n","protected":false},"author":2,"featured_media":57126,"comment_status":"closed","ping_status":"closed","sticky":false,"template":"","format":"standard","meta":{"_acf_changed":false,"rank_math_lock_modified_date":false,"footnotes":""},"categories":[16],"tags":[6142,6141],"class_list":{"0":"post-57122","1":"post","2":"type-post","3":"status-publish","4":"format-standard","5":"has-post-thumbnail","7":"category-en-red","8":"tag-dobano","9":"tag-triatlon-por-equipos-el-prat"},"acf":[],"_links":{"self":[{"href":"https:\/\/miurltemporal.com/main/triatletasenred.sport.es\/wp-json\/wp\/v2\/posts\/57122"}],"collection":[{"href":"https:\/\/miurltemporal.com/main/triatletasenred.sport.es\/wp-json\/wp\/v2\/posts"}],"about":[{"href":"https:\/\/miurltemporal.com/main/triatletasenred.sport.es\/wp-json\/wp\/v2\/types\/post"}],"author":[{"embeddable":true,"href":"https:\/\/miurltemporal.com/main/triatletasenred.sport.es\/wp-json\/wp\/v2\/users\/2"}],"replies":[{"embeddable":true,"href":"https:\/\/miurltemporal.com/main/triatletasenred.sport.es\/wp-json\/wp\/v2\/comments?post=57122"}],"version-history":[{"count":0,"href":"https:\/\/miurltemporal.com/main/triatletasenred.sport.es\/wp-json\/wp\/v2\/posts\/57122\/revisions"}],"wp:featuredmedia":[{"embeddable":true,"href":"https:\/\/miurltemporal.com/main/triatletasenred.sport.es\/wp-json\/wp\/v2\/media\/57126"}],"wp:attachment":[{"href":"https:\/\/miurltemporal.com/main/triatletasenred.sport.es\/wp-json\/wp\/v2\/media?parent=57122"}],"wp:term":[{"taxonomy":"category","embeddable":true,"href":"https:\/\/miurltemporal.com/main/triatletasenred.sport.es\/wp-json\/wp\/v2\/categories?post=57122"},{"taxonomy":"post_tag","embeddable":true,"href":"https:\/\/miurltemporal.com/main/triatletasenred.sport.es\/wp-json\/wp\/v2\/tags?post=57122"}],"curies":[{"name":"wp","href":"https:\/\/api.w.org\/{rel}","templated":true}]}}