{"id":57076,"date":"2018-04-21T15:35:46","date_gmt":"2018-04-21T13:35:46","guid":{"rendered":"https:\/\/miurltemporal.com/main/triatletasenred.sport.es\/?p=57076"},"modified":"2018-04-22T12:39:47","modified_gmt":"2018-04-22T10:39:47","slug":"exhibicion-pablo-dapena-ante-patrick-lange-challenge-mogan","status":"publish","type":"post","link":"https:\/\/miurltemporal.com/main/triatletasenred.sport.es\/actualidad\/exhibicion-pablo-dapena-ante-patrick-lange-challenge-mogan\/","title":{"rendered":"Exhibici\u00f3n de Pablo Dapena ante Patrick Lange en el Challenge Mog\u00e1n"},"content":{"rendered":"<h3 style=\"text-align: justify;\">Victoria espectacular del gallego Pablo Dapena por delante de todo un Campe\u00f3n del Mundo como Lange y tercer puesto de Anna Noguera en una temporada que pinta muy bien para la catalana.<\/h3>\n<p><img fetchpriority=\"high\" decoding=\"async\" class=\"aligncenter size-full wp-image-56582\" src=\"https:\/\/miurltemporal.com/main/triatletasenred.sport.es\/wp-content\/uploads\/on-banner.jpg\" alt=\"\" width=\"750\" height=\"100\" srcset=\"https:\/\/miurltemporal.com/main/triatletasenred.sport.es\/wp-content\/uploads\/on-banner.jpg 750w, https:\/\/miurltemporal.com/main/triatletasenred.sport.es\/wp-content\/uploads\/on-banner-700x93.jpg 700w, https:\/\/miurltemporal.com/main/triatletasenred.sport.es\/wp-content\/uploads\/on-banner-300x40.jpg 300w\" sizes=\"(max-width: 750px) 100vw, 750px\" \/><\/p>\n<p style=\"text-align: justify;\">El actual <strong>Campe\u00f3n de Espa\u00f1a de larga distancia<\/strong>, <strong>Pablo Dapena<\/strong>, ha conseguido una importante victoria en el <strong>Challenge Mog\u00e1n<\/strong> celebrado en el d\u00eda de hoy en <strong>Gran Canaria<\/strong>. El hito se refuerza, sobre todo, por el cartel de triatletas que estaban \u00a0hoy presentes en esta prueba de media distancia, con el aliciente de haber vencido a todo un <strong>Campe\u00f3n del Mundo IRONMAN<\/strong> como el alem\u00e1n <strong>Patrick Lange<\/strong>.<\/p>\n<p style=\"text-align: justify;\">Adem\u00e1s, por si no fuera suficiente, la prueba contaba en categor\u00eda masculina con nombres como el germano <strong>Andy B\u00f6cherer<\/strong>, el suizo <strong>Sven Riederer<\/strong>, el ya mencionado<strong> Lange<\/strong> o los espa\u00f1oles <strong>Gustavo Rodriguez, Clemente Alonso, Eneko Elosegui o Alejandro Santamar\u00eda<\/strong>, entre otros. Victoria muy trabajada del gallego, visto lo visto y como \u00e9l mismo nos contaba, el cambio de perspectiva en competici\u00f3n le ha sentado de maravilla,\u00a0&#8220;<em>lo que m\u00e1s ha cambiado es que ahora no me estreso en competici\u00f3n, antes ten\u00eda unos nervios que me nublaban un poco la vista y ahora, sobre todo despu\u00e9s de la operaci\u00f3n de la hernia, salgo a disfrutar y dar lo que mejor tenga&#8221;.<\/em><\/p>\n<p style=\"text-align: justify;\">Finalmente, se ha subido al primer puesto del podio con un tiempo final de <strong>04:00:25<\/strong>, seguido de <strong>Andy B\u00f6cherer 04:00:42<\/strong> y cerrando el podio <strong>Patrick Lange<\/strong> a casi treinta segundos de diferencia del segundo. El resultado del resto de espa\u00f1oles ha sido,<strong> Gustavo Rodr\u00edguez 7\u00ba, Alejandro Santamar\u00eda 11\u00ba y Eneko Elosegui 12\u00ba.<\/strong><\/p>\n<p style=\"text-align: justify;\">Pero eso no es todo. La \u00fanica representante espa\u00f1ola en categor\u00eda elite, <strong>Anna Noguera<\/strong>, que en Ibiza tambi\u00e9n se coronaba como <strong>Campeona de Espa\u00f1a de Larga Distancia<\/strong> 2017, ha logrado subirse al podio en tercera posici\u00f3n, justo por detr\u00e1s de la vencedora <strong>Yvonne Van Vlerken y la segunda clasificada Ewa Komander<\/strong>. Muy buen inicio de temporada de la igualadina, consiguiendo el segundo puesto en marzo del <strong>TRI122 Lanzarote<\/strong> y la victoria en la <strong>Copa de Espa\u00f1a de Sevilla<\/strong> de hace un par de semanas, a lo que habr\u00eda que sumar el resultado conseguido hoy.<\/p>\n","protected":false},"excerpt":{"rendered":"<p>Victoria espectacular del gallego Pablo Dapena por delante de todo un campe\u00f3n del Mundo como Lange. Anna Noguera logra un merecido tercer puesto.<\/p>\n","protected":false},"author":294,"featured_media":57079,"comment_status":"closed","ping_status":"closed","sticky":false,"template":"","format":"standard","meta":{"_acf_changed":false,"rank_math_lock_modified_date":false,"footnotes":""},"categories":[17,2033],"tags":[3331,5526,2483],"class_list":{"0":"post-57076","1":"post","2":"type-post","3":"status-publish","4":"format-standard","5":"has-post-thumbnail","7":"category-actualidad","8":"category-sport","9":"tag-anna-noguera","10":"tag-challenge-mogan","11":"tag-pablo-dapena"},"acf":[],"_links":{"self":[{"href":"https:\/\/miurltemporal.com/main/triatletasenred.sport.es\/wp-json\/wp\/v2\/posts\/57076"}],"collection":[{"href":"https:\/\/miurltemporal.com/main/triatletasenred.sport.es\/wp-json\/wp\/v2\/posts"}],"about":[{"href":"https:\/\/miurltemporal.com/main/triatletasenred.sport.es\/wp-json\/wp\/v2\/types\/post"}],"author":[{"embeddable":true,"href":"https:\/\/miurltemporal.com/main/triatletasenred.sport.es\/wp-json\/wp\/v2\/users\/294"}],"replies":[{"embeddable":true,"href":"https:\/\/miurltemporal.com/main/triatletasenred.sport.es\/wp-json\/wp\/v2\/comments?post=57076"}],"version-history":[{"count":0,"href":"https:\/\/miurltemporal.com/main/triatletasenred.sport.es\/wp-json\/wp\/v2\/posts\/57076\/revisions"}],"wp:featuredmedia":[{"embeddable":true,"href":"https:\/\/miurltemporal.com/main/triatletasenred.sport.es\/wp-json\/wp\/v2\/media\/57079"}],"wp:attachment":[{"href":"https:\/\/miurltemporal.com/main/triatletasenred.sport.es\/wp-json\/wp\/v2\/media?parent=57076"}],"wp:term":[{"taxonomy":"category","embeddable":true,"href":"https:\/\/miurltemporal.com/main/triatletasenred.sport.es\/wp-json\/wp\/v2\/categories?post=57076"},{"taxonomy":"post_tag","embeddable":true,"href":"https:\/\/miurltemporal.com/main/triatletasenred.sport.es\/wp-json\/wp\/v2\/tags?post=57076"}],"curies":[{"name":"wp","href":"https:\/\/api.w.org\/{rel}","templated":true}]}}