{"id":56847,"date":"2018-04-08T11:09:05","date_gmt":"2018-04-08T09:09:05","guid":{"rendered":"https:\/\/miurltemporal.com/main/triatletasenred.sport.es\/?p=56847"},"modified":"2018-04-08T11:09:05","modified_gmt":"2018-04-08T09:09:05","slug":"gomez-noya-movistar-medio-maraton-madrid","status":"publish","type":"post","link":"https:\/\/miurltemporal.com/main/triatletasenred.sport.es\/actualidad\/gomez-noya-movistar-medio-maraton-madrid\/","title":{"rendered":"G\u00f3mez Noya baja de 1:08 en el Movistar Medio Marat\u00f3n de Madrid"},"content":{"rendered":"<h3>Javier G\u00f3mez Noya nos vuelve a sorprender, esta vez ha sido en Madrid, disputando el Movistar Medio Marat\u00f3n y parando el crono en 1:07:50.<\/h3>\n<p><img fetchpriority=\"high\" decoding=\"async\" class=\"size-full wp-image-56582 aligncenter\" src=\"https:\/\/miurltemporal.com/main/triatletasenred.sport.es\/wp-content\/uploads\/on-banner.jpg\" alt=\"\" width=\"750\" height=\"100\" srcset=\"https:\/\/miurltemporal.com/main/triatletasenred.sport.es\/wp-content\/uploads\/on-banner.jpg 750w, https:\/\/miurltemporal.com/main/triatletasenred.sport.es\/wp-content\/uploads\/on-banner-700x93.jpg 700w, https:\/\/miurltemporal.com/main/triatletasenred.sport.es\/wp-content\/uploads\/on-banner-300x40.jpg 300w\" sizes=\"(max-width: 750px) 100vw, 750px\" \/><\/p>\n<p>El triatleta ITU Javier G\u00f3mez Noya ha demostrado (otra vez) la enorme calidad que atesora en sus piernas, obteniendo un sub 1:08 en una de las pruebas m\u00e1s emblem\u00e1ticas del calendario espa\u00f1ol de running.<\/p>\n<p>El triatleta nacido en Suiza, se hab\u00eda marcado en su calendario esta prueba como un test importante de cara a la preparaci\u00f3n del Ironman de Cairns, donde debutar\u00e1 muy pronto. Adem\u00e1s, estaba obligado, en cierto modo, a participar en una de las pruebas con mayor peso dentro de la estrategia de patrocinios de uno de sus mejores sponsors, Movistar.<\/p>\n<p>Con su participaci\u00f3n en esta prueba, G\u00f3mez Noya cierra una semana con una exigencia muy alta de entrenamientos en las tres disciplinas que componen el triatl\u00f3n. De hecho, esta misma ma\u00f1ana antes de comenzar la prueba, el triatleta ha sumado varios kil\u00f3metros m\u00e1s de carrera a pie, con el objetivo de hacer una rodada de mayor distancia.<\/p>\n<p>El Movistar Medio Marat\u00f3n Madrid es una de las pruebas m\u00e1s duras de running del pa\u00eds, principalmente debido a los desniveles y pendientes que tiene la capital. Esta ma\u00f1ana, el vencedor ha sido Ezrah Kiprotich Sang, que ha parado el crono en 1:02:37.<\/p>\n","protected":false},"excerpt":{"rendered":"<p>Javier G\u00f3mez Noya nos vuelve a sorprender, esta vez ha sido en Madrid, disputando el Movistar Medio Marat\u00f3n y parando el crono en 1:07:50.<\/p>\n","protected":false},"author":288,"featured_media":56848,"comment_status":"closed","ping_status":"closed","sticky":false,"template":"","format":"standard","meta":{"_acf_changed":false,"rank_math_lock_modified_date":false,"footnotes":""},"categories":[17],"tags":[4399,819,6109],"class_list":{"0":"post-56847","1":"post","2":"type-post","3":"status-publish","4":"format-standard","5":"has-post-thumbnail","7":"category-actualidad","8":"tag-gomez-noya","9":"tag-javier-gomez-noya","10":"tag-movistar-medio-maraton-de-madrid"},"acf":[],"_links":{"self":[{"href":"https:\/\/miurltemporal.com/main/triatletasenred.sport.es\/wp-json\/wp\/v2\/posts\/56847"}],"collection":[{"href":"https:\/\/miurltemporal.com/main/triatletasenred.sport.es\/wp-json\/wp\/v2\/posts"}],"about":[{"href":"https:\/\/miurltemporal.com/main/triatletasenred.sport.es\/wp-json\/wp\/v2\/types\/post"}],"author":[{"embeddable":true,"href":"https:\/\/miurltemporal.com/main/triatletasenred.sport.es\/wp-json\/wp\/v2\/users\/288"}],"replies":[{"embeddable":true,"href":"https:\/\/miurltemporal.com/main/triatletasenred.sport.es\/wp-json\/wp\/v2\/comments?post=56847"}],"version-history":[{"count":0,"href":"https:\/\/miurltemporal.com/main/triatletasenred.sport.es\/wp-json\/wp\/v2\/posts\/56847\/revisions"}],"wp:featuredmedia":[{"embeddable":true,"href":"https:\/\/miurltemporal.com/main/triatletasenred.sport.es\/wp-json\/wp\/v2\/media\/56848"}],"wp:attachment":[{"href":"https:\/\/miurltemporal.com/main/triatletasenred.sport.es\/wp-json\/wp\/v2\/media?parent=56847"}],"wp:term":[{"taxonomy":"category","embeddable":true,"href":"https:\/\/miurltemporal.com/main/triatletasenred.sport.es\/wp-json\/wp\/v2\/categories?post=56847"},{"taxonomy":"post_tag","embeddable":true,"href":"https:\/\/miurltemporal.com/main/triatletasenred.sport.es\/wp-json\/wp\/v2\/tags?post=56847"}],"curies":[{"name":"wp","href":"https:\/\/api.w.org\/{rel}","templated":true}]}}