{"id":56808,"date":"2018-04-04T17:09:24","date_gmt":"2018-04-04T15:09:24","guid":{"rendered":"https:\/\/miurltemporal.com/main/triatletasenred.sport.es\/?p=56808"},"modified":"2018-04-04T17:09:24","modified_gmt":"2018-04-04T15:09:24","slug":"gomez-noya-ironman-barcelona","status":"publish","type":"post","link":"https:\/\/miurltemporal.com/main/triatletasenred.sport.es\/actualidad\/gomez-noya-ironman-barcelona\/","title":{"rendered":"Javi G\u00f3mez Noya participar\u00e1 en el IRONMAN 70.3 Barcelona camino a Kona"},"content":{"rendered":"<h3 style=\"text-align: justify;\">El vigente campe\u00f3n del Mundo Ironman 70.3 participar\u00e1 en el Ironman 70.3 Barcelona camino a su asalto al Ironman de Kona seg\u00fan ha confirmado la organizaci\u00f3n.<\/h3>\n<p style=\"text-align: justify;\"><img fetchpriority=\"high\" decoding=\"async\" class=\"aligncenter size-full wp-image-56582\" src=\"https:\/\/miurltemporal.com/main/triatletasenred.sport.es\/wp-content\/uploads\/on-banner.jpg\" alt=\"\" width=\"750\" height=\"100\" srcset=\"https:\/\/miurltemporal.com/main/triatletasenred.sport.es\/wp-content\/uploads\/on-banner.jpg 750w, https:\/\/miurltemporal.com/main/triatletasenred.sport.es\/wp-content\/uploads\/on-banner-700x93.jpg 700w, https:\/\/miurltemporal.com/main/triatletasenred.sport.es\/wp-content\/uploads\/on-banner-300x40.jpg 300w\" sizes=\"(max-width: 750px) 100vw, 750px\" \/><\/p>\n<p style=\"text-align: justify;\">De este modo el gallego vuelve a un circuito que le proclam\u00f3 Campe\u00f3n de Europa en 2013 cuando la prueba pertenec\u00eda al circuito Challenge Family y en el que tuvo un espectacular duelo con el que fuera 2 veces campe\u00f3n del mundo Chris &#8220;Macca&#8221; Mc Cormack.<\/p>\n<p style=\"text-align: justify;\">&#8220;<em><strong>Tengo ganas de entrenar, y margen para mejorar. Ser\u00e1 una carrera dura, muy dura, pero con la ilusi\u00f3n y el esfuerzo que le pongo d\u00eda tras d\u00eda, mi meta es estar ah\u00ed y luchar contra los mejores<\/strong><\/em>\u201d comenta G\u00f3mez Noya<\/p>\n<p style=\"text-align: justify;\">Noya hace esta parada en la quinta edici\u00f3n del Ironman 70.3 Barcelona en la que <strong>Jan Frodeno<\/strong> ostenta el t\u00edtulo de vigente campe\u00f3n justo un mes antes de participar en el IRONMAN Cairns en el que Javi buscar\u00e1 la clasificaci\u00f3n para Kona. Simplemente completando este debut en la larga distancia el gallego certificar\u00eda su pasaporte al Campeonato del Mundo pero sin duda nuestra leyenda buscar\u00e1 algo m\u00e1s ambicioso en esta prueba que el 10 de junio ser\u00e1 tambi\u00e9n el Campeonato IRONMAN Asia-Pacifico.<\/p>\n<p style=\"text-align: justify;\">\n<p style=\"text-align: justify;\">\n<p>&nbsp;<\/p>\n","protected":false},"excerpt":{"rendered":"<p>El vigente campe\u00f3n del Mundoparticipar\u00e1 en el Ironman 70.3 Barcelona camino a su asalto al Ironman de Kona, objetivo del gallego para 2018.<\/p>\n","protected":false},"author":2,"featured_media":55407,"comment_status":"closed","ping_status":"closed","sticky":false,"template":"","format":"standard","meta":{"_acf_changed":false,"rank_math_lock_modified_date":false,"footnotes":""},"categories":[17],"tags":[500,4399,404],"class_list":{"0":"post-56808","1":"post","2":"type-post","3":"status-publish","4":"format-standard","5":"has-post-thumbnail","7":"category-actualidad","8":"tag-barcelona","9":"tag-gomez-noya","10":"tag-ironman"},"acf":[],"_links":{"self":[{"href":"https:\/\/miurltemporal.com/main/triatletasenred.sport.es\/wp-json\/wp\/v2\/posts\/56808"}],"collection":[{"href":"https:\/\/miurltemporal.com/main/triatletasenred.sport.es\/wp-json\/wp\/v2\/posts"}],"about":[{"href":"https:\/\/miurltemporal.com/main/triatletasenred.sport.es\/wp-json\/wp\/v2\/types\/post"}],"author":[{"embeddable":true,"href":"https:\/\/miurltemporal.com/main/triatletasenred.sport.es\/wp-json\/wp\/v2\/users\/2"}],"replies":[{"embeddable":true,"href":"https:\/\/miurltemporal.com/main/triatletasenred.sport.es\/wp-json\/wp\/v2\/comments?post=56808"}],"version-history":[{"count":0,"href":"https:\/\/miurltemporal.com/main/triatletasenred.sport.es\/wp-json\/wp\/v2\/posts\/56808\/revisions"}],"wp:featuredmedia":[{"embeddable":true,"href":"https:\/\/miurltemporal.com/main/triatletasenred.sport.es\/wp-json\/wp\/v2\/media\/55407"}],"wp:attachment":[{"href":"https:\/\/miurltemporal.com/main/triatletasenred.sport.es\/wp-json\/wp\/v2\/media?parent=56808"}],"wp:term":[{"taxonomy":"category","embeddable":true,"href":"https:\/\/miurltemporal.com/main/triatletasenred.sport.es\/wp-json\/wp\/v2\/categories?post=56808"},{"taxonomy":"post_tag","embeddable":true,"href":"https:\/\/miurltemporal.com/main/triatletasenred.sport.es\/wp-json\/wp\/v2\/tags?post=56808"}],"curies":[{"name":"wp","href":"https:\/\/api.w.org\/{rel}","templated":true}]}}