{"id":56479,"date":"2018-03-22T14:15:03","date_gmt":"2018-03-22T12:15:03","guid":{"rendered":"https:\/\/miurltemporal.com/main/triatletasenred.sport.es\/?p=56479"},"modified":"2018-03-22T22:52:41","modified_gmt":"2018-03-22T20:52:41","slug":"campeonato-espana-duatlon-clubes-relevos-mixtos","status":"publish","type":"post","link":"https:\/\/miurltemporal.com/main/triatletasenred.sport.es\/actualidad\/campeonato-espana-duatlon-clubes-relevos-mixtos\/","title":{"rendered":"Boiro ser\u00e1 sede del Cpto. Espa\u00f1a Duatl\u00f3n Clubes y Relevos Mixtos"},"content":{"rendered":"<h3 style=\"text-align: justify;\">Tercera parada del calendario de la FETRI, en Boiro, los d\u00edas 24 y 25 de marzo, para celebrar el Campeonato de Espa\u00f1a de Duatl\u00f3n por Clubes y Relevos Mixtos.<\/h3>\n<p><a href=\"http:\/\/100x100half.com\" rel=\"nofollow noopener\" target=\"_blank\"><img fetchpriority=\"high\" decoding=\"async\" class=\"aligncenter size-full wp-image-55716\" src=\"https:\/\/miurltemporal.com/main/triatletasenred.sport.es\/wp-content\/uploads\/banner-100Half-750X150.gif\" alt=\"\" width=\"750\" height=\"150\" \/><\/a><\/p>\n<p style=\"text-align: justify;\">La tercera cita del calendario nacional de la <strong>FETRI<\/strong> tendr\u00e1 la sede en <strong>Boiro<\/strong> (Coru\u00f1a), los pr\u00f3ximos d\u00edas <strong>24\u00a0y 25 de marzo<\/strong>, donde se disputar\u00e1 el <strong>Campeonato de Espa\u00f1a de Duatl\u00f3n por Clubes y Relevos Mixtos.<\/strong> El <strong>millar de participantes<\/strong> podr\u00e1 disfrutar de un entorno privilegiado, que combina mar y monta\u00f1a, con la <strong>Sierra de A Barbanza y el litoral Boirense<\/strong> como anfitriones perfectos para los que aprovechen unos d\u00edas deportivos y de competici\u00f3n con un poco de turismo por la zona.<\/p>\n<p style=\"text-align: justify;\">Habr\u00e1 <strong>dos distancias <\/strong>a cubrir dependiendo de la modalidad de participaci\u00f3n. En primer lugar, los participantes en el <strong>Campeonato de Espa\u00f1a de Duatl\u00f3n por Clubes<\/strong>, que completar\u00e1n un circuito con 5 km de carrera a pie, seguidos de 18 km de ciclismo y 2.5 km de carrera a pie para terminar. En segundo lugar, los participantes en el <strong>Campeonato de Espa\u00f1a de Duatl\u00f3n por Relevos Mixtos, <\/strong>para los que se ha preparado un recorrido m\u00e1s corto con 1.5 km de carrera, 5.3 km de ciclismo y 0.75 km a pie \u00faltimos. Aunque la distancia varia, en ambos casos el circuito es el mismo, modific\u00e1ndose el n\u00famero de vueltas que ha de completar cada triatleta. Circuito <strong>r\u00e1pido y llano<\/strong> que har\u00e1 disfrutar a los all\u00ed presentes pero en el que los triatletas deber\u00e1n tener cuidado sobre todo en los <strong>numerosos puntos de giro<\/strong>.<\/p>\n<p style=\"text-align: justify;\">Con estas, se espera una <strong>buena respuesta del p\u00fablico<\/strong>, principalmente\u00a0por el acercamiento de los <strong>circuitos a las zonas peatonales y urbanas<\/strong>, factor que inevitablemente posibilita un aumento de los espectadores a la competici\u00f3n. Fin de semana donde el duatl\u00f3n nacional volver\u00e1 a ser el protagonista, con la primera y segunda jornada de la <strong>Liga Nacional de Clubes<\/strong> y el <strong>Campeonato de Espa\u00f1a de Duatl\u00f3n por Relevos Mixtos<\/strong>. Esperamos que\u00a0el buen tiempo reine durante todo el fin de semana y permita la celebraci\u00f3n del evento, que tuvo que aplazarse por fuertes vientos hace un par de semanas.<\/p>\n<p style=\"text-align: justify;\">Os adjuntamos el <strong>programa completo<\/strong> con el horario y las distintas salidas:<\/p>\n<p>S\u00e1bado 24 de marzo de 2018<\/p>\n<ul>\n<li>13 h. Segunda Divisi\u00f3n Masculina<\/li>\n<li>14:30 h. Segunda Divisi\u00f3n Femenina<\/li>\n<li>16 h. Primera Divisi\u00f3n Femenina<\/li>\n<li>17:30 h. Primera Divisi\u00f3n Masculina<\/li>\n<li>19 h. Entrega de trofeos<\/li>\n<\/ul>\n<p>Domingo 25 de marzo de 2018<\/p>\n<ul>\n<li>9:30 h. Tercera Divisi\u00f3n Femenina<\/li>\n<li>11 h. Tercera Divisi\u00f3n Masculina<\/li>\n<li>13 h. Campeonato de Espa\u00f1a de Duatl\u00f3n Relevos Mixtos<\/li>\n<li>15h. Entrega de trofeos<\/li>\n<\/ul>\n<p style=\"text-align: center;\"><a class=\"vc_btn vc_btn-blue vc_btn-sm vc_btn_square \" href=\"http:\/\/triatlon.org\/triweb\/index.php\/competicion\/campeonato-de-espana-de-duatlon-por-clubes-y-relevos-mixtos-boiro-coruna\/\" rel=\"nofollow noopener\" target=\"_blank\">ENLACE A LA FETRI<\/a><\/p>\n<p style=\"text-align: justify;\">\n","protected":false},"excerpt":{"rendered":"<p>Tercera parada del calendario de la FETRI, en Boiro, los d\u00edas 10 y 11 de marzo, para celebrar el Campeonato de Espa\u00f1a de Duatl\u00f3n por Clubes y Relevos<\/p>\n","protected":false},"author":294,"featured_media":56483,"comment_status":"closed","ping_status":"closed","sticky":false,"template":"","format":"standard","meta":{"_acf_changed":false,"rank_math_lock_modified_date":false,"footnotes":""},"categories":[17,2033],"tags":[1988,572,565],"class_list":{"0":"post-56479","1":"post","2":"type-post","3":"status-publish","4":"format-standard","5":"has-post-thumbnail","7":"category-actualidad","9":"tag-campeonato-de-espana","10":"tag-duatlon","11":"tag-fetri"},"acf":[],"_links":{"self":[{"href":"https:\/\/miurltemporal.com/main/triatletasenred.sport.es\/wp-json\/wp\/v2\/posts\/56479"}],"collection":[{"href":"https:\/\/miurltemporal.com/main/triatletasenred.sport.es\/wp-json\/wp\/v2\/posts"}],"about":[{"href":"https:\/\/miurltemporal.com/main/triatletasenred.sport.es\/wp-json\/wp\/v2\/types\/post"}],"author":[{"embeddable":true,"href":"https:\/\/miurltemporal.com/main/triatletasenred.sport.es\/wp-json\/wp\/v2\/users\/294"}],"replies":[{"embeddable":true,"href":"https:\/\/miurltemporal.com/main/triatletasenred.sport.es\/wp-json\/wp\/v2\/comments?post=56479"}],"version-history":[{"count":0,"href":"https:\/\/miurltemporal.com/main/triatletasenred.sport.es\/wp-json\/wp\/v2\/posts\/56479\/revisions"}],"wp:featuredmedia":[{"embeddable":true,"href":"https:\/\/miurltemporal.com/main/triatletasenred.sport.es\/wp-json\/wp\/v2\/media\/56483"}],"wp:attachment":[{"href":"https:\/\/miurltemporal.com/main/triatletasenred.sport.es\/wp-json\/wp\/v2\/media?parent=56479"}],"wp:term":[{"taxonomy":"category","embeddable":true,"href":"https:\/\/miurltemporal.com/main/triatletasenred.sport.es\/wp-json\/wp\/v2\/categories?post=56479"},{"taxonomy":"post_tag","embeddable":true,"href":"https:\/\/miurltemporal.com/main/triatletasenred.sport.es\/wp-json\/wp\/v2\/tags?post=56479"}],"curies":[{"name":"wp","href":"https:\/\/api.w.org\/{rel}","templated":true}]}}