{"id":55696,"date":"2018-11-12T07:00:54","date_gmt":"2018-11-12T05:00:54","guid":{"rendered":"https:\/\/miurltemporal.com/main/triatletasenred.sport.es\/?p=55696"},"modified":"2018-11-11T15:36:50","modified_gmt":"2018-11-11T13:36:50","slug":"calendario-campeonatos-de-espana-2019","status":"publish","type":"post","link":"https:\/\/miurltemporal.com/main/triatletasenred.sport.es\/actualidad\/calendario-campeonatos-de-espana-2019\/","title":{"rendered":"Calendario de los Campeonatos de Espa\u00f1a 2019"},"content":{"rendered":"<h3 class=\"clear\" style=\"text-align: justify;\"><b>El 3 de febrero da inicio el calendario de\u00a0pruebas de la Federaci\u00f3n Espa\u00f1ola de Triatl\u00f3n con el Cpto. Espa\u00f1a de Triatl\u00f3n de Invierno en Vinuesa.\u00a0Os dejamos con\u00a0el resto de fechas de todas las citas nacionales del 2019.<\/b><\/h3>\n<div class=\"clear\"><a href=\"https:\/\/zone3.es\/\" rel=\"nofollow noopener\" target=\"_blank\"><img fetchpriority=\"high\" decoding=\"async\" class=\"aligncenter size-full wp-image-58904\" src=\"https:\/\/miurltemporal.com/main/triatletasenred.sport.es\/wp-content\/uploads\/zone3-nuevo-1.gif\" alt=\"\" width=\"746\" height=\"149\" \/><\/a><\/div>\n<div class=\"clear\" style=\"text-align: justify;\"><\/div>\n<div class=\"clear\" style=\"text-align: justify;\">Os dejamos las fechas, lugares y citas con los \u00faltimos cambios actualizados. Ya con ganas de ver a las primeras espadas nacionales bati\u00e9ndose para llevarse la victoria o revalidar la corona en todas las ciudades elegidas por la <a href=\"http:\/\/triatlon.org\/triweb\/\" rel=\"nofollow noopener\" target=\"_blank\">FETRI<\/a> para la pr\u00f3xima temporada.<\/div>\n<div class=\"post-inner\">\n<div class=\"entry\" style=\"text-align: justify;\">\n<h4><strong>Campeonatos de Espa\u00f1a 2019\u00a0<\/strong><\/h4>\n<hr \/>\n<ul>\n<li style=\"text-align: justify;\"><strong>3 febrero. Campeonato de Espa\u00f1a de Triatl\u00f3n de Invierno,\u00a0Vinuesa (Soria)\u00a0<\/strong><\/li>\n<li style=\"text-align: justify;\"><strong>3 marzo. Campeonato de Espa\u00f1a de\u00a0 Duatl\u00f3n de Media distancia,\u00a0Soria<\/strong><\/li>\n<li style=\"text-align: justify;\"><strong>16 y 17 marzo. Campeonato de Espa\u00f1a de Duatl\u00f3n por Clubes y Relevo Mixto,\u00a0Punta Umbr\u00eda<\/strong><\/li>\n<li style=\"text-align: justify;\"><strong>30 y 31 marzo. Campeonato de Espa\u00f1a Duatl\u00f3n Contrarreloj por Equipos y Relevos,\u00a0Avil\u00e9s (Asturias)<\/strong><\/li>\n<li style=\"text-align: justify;\"><strong>13 y 14 abril. Campeonato de Espa\u00f1a de Duatl\u00f3n. Soria<\/strong><\/li>\n<li style=\"text-align: justify;\"><strong>11 y 12 mayo. Copa del Rey y Copa de la Reina de Triatl\u00f3n\u00a0\/\u00a0Campeonato de Espa\u00f1a de\u00a0Triatl\u00f3n \u00a0por relevos,\u00a0\u00c1guilas (Murcia)<\/strong><\/li>\n<li style=\"text-align: justify;\"><strong>8 y 9 junio. Campeonato de Espa\u00f1a de Duatl\u00f3n y Triatl\u00f3n Cros, Sede \u00bf?<\/strong><\/li>\n<li style=\"text-align: justify;\"><strong>22 y 23 junio. Campeonato de Espa\u00f1a de\u00a0Triatl\u00f3n \u00a0Relevos \/\u00a0Campeonato de Espa\u00f1a de\u00a0Triatl\u00f3n por Clubes,\u00a0Boiro<\/strong><\/li>\n<li style=\"text-align: justify;\"><strong>30 junio. Campeonato de Espa\u00f1a de Triatl\u00f3n de Larga Distancia, Salamanca<\/strong><\/li>\n<li style=\"text-align: justify;\"><strong>1 y 2 julio. Campeonato de Espa\u00f1a de Triatl\u00f3n Sprint \/\u00a0Campeonato de Espa\u00f1a de Acuatl\u00f3n, Roquetas de Mar<\/strong><\/li>\n<li style=\"text-align: justify;\"><strong>6 y 7 julio. Campeonato de Espa\u00f1a de Triatl\u00f3n por Autonom\u00edas, Tres Cantos (Madrid)<\/strong><\/li>\n<li style=\"text-align: justify;\"><strong>\u00bf? septiembre. Campeonato de Espa\u00f1a de Triatl\u00f3n Ol\u00edmpico, A Coru\u00f1a<\/strong><\/li>\n<li style=\"text-align: justify;\"><strong>12 y 13 octubre.\u00a0Campeonato de Espa\u00f1a de Triatl\u00f3n Relevos Parejas y SuperSprint Clubes<\/strong><\/li>\n<li style=\"text-align: justify;\"><strong>27 octubre. Campeonato de Espa\u00f1a de\u00a0Triatl\u00f3n de media distancia,\u00a0Ibiza<\/strong><\/li>\n<\/ul>\n<\/div>\n<h4 style=\"text-align: justify;\">Pruebas internacionales<\/h4>\n<hr \/>\n<ul>\n<li style=\"text-align: justify;\"><strong>24 de marzo. Copa de Europa de Triatl\u00f3n en Huelva<\/strong><\/li>\n<li style=\"text-align: justify;\"><strong>7 de abril. Copa de Europa de Triatl\u00f3n en Melilla<\/strong><\/li>\n<li style=\"text-align: justify;\"><strong>27 de abril al 5 de mayo. Mundial Multideporte Pontevedra 2019<\/strong><\/li>\n<li style=\"text-align: justify;\"><strong>5 de mayo. Copa del Mundo de Triatl\u00f3n en Madrid<\/strong><\/li>\n<li style=\"text-align: justify;\"><strong>7 y 8 de septiembre. Copa del Mundo de Triatl\u00f3n y Paratriatl\u00f3n en Banyoles<\/strong><\/li>\n<li style=\"text-align: justify;\"><strong>14 de septiembre. Campeonato de Europa de Triatl\u00f3n Sub23 y Paratriatl\u00f3n en Valencia<\/strong><\/li>\n<\/ul>\n<\/div>\n","protected":false},"excerpt":{"rendered":"<p>El 4 de febrero se inicia el calendario FETRI con el Cpto. Espa\u00f1a de Triatl\u00f3n de Invierno en Ans\u00f3. Aqu\u00ed encontrareis el calendario con el resto de fechas.<\/p>\n","protected":false},"author":294,"featured_media":59726,"comment_status":"closed","ping_status":"closed","sticky":false,"template":"","format":"standard","meta":{"_acf_changed":false,"rank_math_lock_modified_date":false,"footnotes":""},"categories":[17,19,2033,1191],"tags":[6332,565],"class_list":{"0":"post-55696","1":"post","2":"type-post","3":"status-publish","4":"format-standard","5":"has-post-thumbnail","7":"category-actualidad","8":"category-competiciones","9":"category-sport","11":"tag-campeonatos-de-espana-2019","12":"tag-fetri"},"acf":[],"_links":{"self":[{"href":"https:\/\/miurltemporal.com/main/triatletasenred.sport.es\/wp-json\/wp\/v2\/posts\/55696"}],"collection":[{"href":"https:\/\/miurltemporal.com/main/triatletasenred.sport.es\/wp-json\/wp\/v2\/posts"}],"about":[{"href":"https:\/\/miurltemporal.com/main/triatletasenred.sport.es\/wp-json\/wp\/v2\/types\/post"}],"author":[{"embeddable":true,"href":"https:\/\/miurltemporal.com/main/triatletasenred.sport.es\/wp-json\/wp\/v2\/users\/294"}],"replies":[{"embeddable":true,"href":"https:\/\/miurltemporal.com/main/triatletasenred.sport.es\/wp-json\/wp\/v2\/comments?post=55696"}],"version-history":[{"count":0,"href":"https:\/\/miurltemporal.com/main/triatletasenred.sport.es\/wp-json\/wp\/v2\/posts\/55696\/revisions"}],"wp:featuredmedia":[{"embeddable":true,"href":"https:\/\/miurltemporal.com/main/triatletasenred.sport.es\/wp-json\/wp\/v2\/media\/59726"}],"wp:attachment":[{"href":"https:\/\/miurltemporal.com/main/triatletasenred.sport.es\/wp-json\/wp\/v2\/media?parent=55696"}],"wp:term":[{"taxonomy":"category","embeddable":true,"href":"https:\/\/miurltemporal.com/main/triatletasenred.sport.es\/wp-json\/wp\/v2\/categories?post=55696"},{"taxonomy":"post_tag","embeddable":true,"href":"https:\/\/miurltemporal.com/main/triatletasenred.sport.es\/wp-json\/wp\/v2\/tags?post=55696"}],"curies":[{"name":"wp","href":"https:\/\/api.w.org\/{rel}","templated":true}]}}