{"id":55488,"date":"2018-01-08T06:46:37","date_gmt":"2018-01-08T04:46:37","guid":{"rendered":"http:\/\/triatletasenred.com\/?p=55488"},"modified":"2018-01-12T11:00:14","modified_gmt":"2018-01-12T09:00:14","slug":"raul-mico-la-palabra-discapacidad-aunque-la-empleemos-bastante-no-me-gusta","status":"publish","type":"post","link":"https:\/\/miurltemporal.com/main/triatletasenred.sport.es\/actualidad\/raul-mico-la-palabra-discapacidad-aunque-la-empleemos-bastante-no-me-gusta\/","title":{"rendered":"Ra\u00fal Mic\u00f3: &#8220;La palabra discapacidad, aunque la empleemos bastante, no me gusta&#8221;"},"content":{"rendered":"<h3 style=\"text-align: justify;\">Entrevistamos al valenciano Ra\u00fal Mic\u00f3, del club Avant Moncada, un ejemplo de superaci\u00f3n y perseverancia de los que tanto nos gustan en la redacci\u00f3n de Triatletas en Red.<\/h3>\n<p><img fetchpriority=\"high\" decoding=\"async\" class=\"size-full wp-image-55558 aligncenter\" src=\"https:\/\/miurltemporal.com/main/triatletasenred.sport.es\/wp-content\/uploads\/banner-Zone3-750X150.gif\" alt=\"\" width=\"750\" height=\"150\" \/><\/p>\n<p style=\"text-align: justify;\">A los que compiten en la <strong>Comunidad Valenciana<\/strong> seguro que les suena el protagonista de la entrevista, <strong>Ra\u00fal Mic\u00f3<\/strong>, ya que es extremadamente dif\u00edcil no haberse cruzado con \u00e9l compartiendo dorsal en alguna de las m\u00faltiples pruebas de la geograf\u00eda levantina. Hemos tenido la suerte de que nos cuente sus proyectos deportivos y personales, entre ellos, el reconocimiento por parte de la ITU de una categor\u00eda en paratriatl\u00f3n para las personas de baja estatura. En Espa\u00f1a ya lo ha conseguido, su sue\u00f1o se llama<strong> PTSVIII<\/strong>.<\/p>\n<p style=\"text-align: justify;\">Su historia est\u00e1 ligada al mundo del <em>running, <\/em>gracias a \u00e9l\u00a0conoci\u00f3 al <strong>Club Avant Moncada<\/strong>, que le ayud\u00f3 a dar el\u00a0salto al deporte de las tres disciplinas. Hoy en d\u00eda tiene la mirada puesta en la media y larga distancia y\u00a0la clasificaci\u00f3n ya asegurada para los <strong>Campeonatos de Espa\u00f1a de nataci\u00f3n adaptada<\/strong>. Os dejamos con la entrevista para que pod\u00e1is conocer en m\u00e1s profundidad la historia de Ra\u00fal Mic\u00f3, un deportista acostumbrado a romper barreras, como \u00e9l mismo afirma &#8220;<em><strong>Siempre he\u00a0encontrado la forma de buscarme la vida para solventar los problemas&#8221;.<\/strong><\/em><\/p>\n<p style=\"text-align: justify;\">Ra\u00fal llevas ya unos cuantos a\u00f1os acumulando dorsales, pero cu\u00e9ntanos&#8230; \u00bfc\u00f3mo fueron tus inicios en el triatl\u00f3n?<\/p>\n<p style=\"text-align: justify;\"><em><strong>Mis inicios deportivos estuvieron ligados a los gimnasios, decid\u00ed apuntarme para perder un poco de peso y mantenerme en forma y estuve varios a\u00f1os entrenando de forma regular tanto pesas como cardio.\u00a0 Pero un\u00a0d\u00eda un compa\u00f1ero del gimnasio me propuso participar en una carrera popular, me pareci\u00f3 buena idea y me\u00a0inscrib\u00ed. La experiencia fue bastante positiva, adentr\u00e1ndome\u00a0en el mundo del running. Durante 5 o 6 a\u00f1os particip\u00e9 en multitud de carreras populares y trails, hasta que a finales del a\u00f1o 2012 en una media marat\u00f3n en Picanya tuve la suerte de cruzarme con los que hoy son mis compa\u00f1eros del Club Avant Moncada. En ese primer contacto me comentaron la filosof\u00eda del club, ofrecer la oportunidad de\u00a0practicar deporte a personas con discapacidad, y me propusieron entrenar con ellos. Durante mi primer a\u00f1o como triatleta solo compet\u00ed en triatlones sprint y poco a poco he ido aumentando la distancia hasta el medio ironman.\u00a0<\/strong><\/em><\/p>\n<p style=\"text-align: justify;\"><img decoding=\"async\" class=\"size-medium wp-image-55496 aligncenter\" src=\"https:\/\/miurltemporal.com/main/triatletasenred.sport.es\/wp-content\/uploads\/ra\u00fal-mic\u00f3-2-300x199.jpg\" alt=\"\" width=\"300\" height=\"199\" srcset=\"https:\/\/miurltemporal.com/main/triatletasenred.sport.es\/wp-content\/uploads\/ra\u00fal-mic\u00f3-2-300x199.jpg 300w, https:\/\/miurltemporal.com/main/triatletasenred.sport.es\/wp-content\/uploads\/ra\u00fal-mic\u00f3-2-700x464.jpg 700w, https:\/\/miurltemporal.com/main/triatletasenred.sport.es\/wp-content\/uploads\/ra\u00fal-mic\u00f3-2-768x510.jpg 768w, https:\/\/miurltemporal.com/main/triatletasenred.sport.es\/wp-content\/uploads\/ra\u00fal-mic\u00f3-2.jpg 960w\" sizes=\"(max-width: 300px) 100vw, 300px\" \/><\/p>\n<p style=\"text-align: justify;\">Con muchos dorsales a tus espaldas&#8230; \u00bfqu\u00e9 escollos has tenido que superar en el mundo del deporte?<\/p>\n<p style=\"text-align: justify;\"><em><strong>Siempre he\u00a0encontrado la forma de buscarme la vida para solventar los problemas. Por ejemplo, en cuanto al material, uso una bicicleta con un cuadro\u00a0de ni\u00f1o y ruedas de 600. E<\/strong><\/em><em><strong>n este caso lo que hice fue desmontar la bicicleta\u00a0para montarla con un grupo de transmisi\u00f3n de adulto, lo mismo con las ruedas y los bujes. En principio, no he tenido mayor problema que adaptar la bicicleta a mis circunstancias. M\u00e1s complicado es el tema del neopreno, puesto que es una pieza bastante ajustada y yo soy una persona con una constituci\u00f3n ancha, as\u00ed que utilizo un neopreno de la talla M que me han adaptado. Encontrar a alguien para que lo hiciera no fue f\u00e1cil. Por otro lado, donde s\u00ed que he tenido m\u00e1s problemas ha sido con el reglamento de la federaci\u00f3n, cuando empec\u00e9 no estaba reglada la competici\u00f3n para personas de baja estatura y con la ayuda de Javier\u00a0Mart\u00ednez\u00a0movimos una propuesta a la federaci\u00f3n para poder competir y de ah\u00ed surgi\u00f3 una nueva categor\u00eda en paratriatl\u00f3n, la PTSVIII, que nos da la oportunidad de poder competir junto con las personas con discapacidad f\u00edsica que han de optar por una bicicleta no convencional. Poco a poco hemos ido solventado todas las dificultades para poder disfrutar del deporte y el paratriatl\u00f3n, que es mi pasi\u00f3n.<\/strong><\/em><\/p>\n<p style=\"text-align: justify;\">Sabemos que hay alguna novedad en tu planificaci\u00f3n&#8230; \u00bfqu\u00e9 objetivos te marcas para la pr\u00f3xima temporada?<\/p>\n<p style=\"text-align: justify;\"><em><b>La pr\u00f3xima temporada va a ser un poco diferente. He decidido probar con una disciplina nueva, la nataci\u00f3n adaptada. Por tanto, mi objetivo es ver las sensaciones y comprobar mi nivel y c\u00f3mo me encuentro. Mi idea es poder competir en el Campeonato de Espa\u00f1a, de momento he conseguido la m\u00ednima para el 50 libres y voy a centrarme en la clasificaci\u00f3n para los 100 libres en febrero. En referencia al triatl\u00f3n, la idea es competir en media distancia a principio de temporada, posiblemente\u00a0en Val\u00e8ncia y luego a final de temporada sobre octubre m\u00e1s o menos repetir con otro de media distancia en Ibiza. A parte de eso, durante la temporada participar\u00e9 en triatlones sprint\u00a0para coger un poco de chispa,\u00a0aunque lo que m\u00e1s har\u00e9 ser\u00e1 distancia ol\u00edmpica\u00a0sin drafting. El objetivo principal es acabar con buenas sensaciones en la media distancia\u00a0para plantearme en un futuro competir en pruebas de larga distancia.<\/b><\/em><\/p>\n<p style=\"text-align: justify;\"><img decoding=\"async\" class=\"size-medium wp-image-55497 aligncenter\" src=\"https:\/\/miurltemporal.com/main/triatletasenred.sport.es\/wp-content\/uploads\/ra\u00fal-mic\u00f3-3-300x300.jpg\" alt=\"\" width=\"300\" height=\"300\" srcset=\"https:\/\/miurltemporal.com/main/triatletasenred.sport.es\/wp-content\/uploads\/ra\u00fal-mic\u00f3-3-300x300.jpg 300w, https:\/\/miurltemporal.com/main/triatletasenred.sport.es\/wp-content\/uploads\/ra\u00fal-mic\u00f3-3-100x100.jpg 100w, https:\/\/miurltemporal.com/main/triatletasenred.sport.es\/wp-content\/uploads\/ra\u00fal-mic\u00f3-3-150x150.jpg 150w, https:\/\/miurltemporal.com/main/triatletasenred.sport.es\/wp-content\/uploads\/ra\u00fal-mic\u00f3-3.jpg 540w\" sizes=\"(max-width: 300px) 100vw, 300px\" \/><\/p>\n<p style=\"text-align: justify;\">\u00bfC\u00f3mo est\u00e1 el tema del reconocimiento internacional de la categor\u00eda PTSVIII\u00a0dentro del paratriatl\u00f3n?<\/p>\n<p style=\"text-align: justify;\"><em><strong>En un primer momento, no ten\u00edamos ni categor\u00eda para poder competir a nivel nacional, pero hoy en d\u00eda la cosa ha cambiado. El problema es que no hay mucha gente de baja estatura que compita, de hecho en los Campeonatos de Espa\u00f1a suelo ir\u00a0yo solo.\u00a0Esta es la dificultad m\u00e1s grande que tenemos para que reconozcan la categor\u00eda a nivel internacional. De alguna manera es la pescadilla que se muerde la cola, porque si no hay categor\u00eda tampoco habr\u00e1 gente que se anime a competir. Mi objetivo es dar la m\u00e1xima visibilidad posible y que la gente de baja estatura se anime a competir en paratriatl\u00f3n. Quiz\u00e1s alg\u00fan d\u00eda si aumenta el n\u00famero de participantes la ITU decida crear una nueva categor\u00eda.\u00a0<\/strong><\/em><\/p>\n<p style=\"text-align: justify;\">Para cerrar la entrevista me gustar\u00eda que dedicar\u00e1s unas palabras a nuestros lectores, especialmente a las personas que tienen alguna discapacidad&#8230;<\/p>\n<p style=\"text-align: justify;\"><em><b>La palabra discapacidad, aunque la empleemos bastante, no me gusta. Creo que las personas que tenemos alg\u00fan tipo de discapacidad somos muy capaces, capaces de hacer multitud de cosas. Simplemente lo hacemos de manera diferente al resto. Por otro lado, creo que el deporte para nosotros es fundamental, ya que te ayuda a ser m\u00e1s aut\u00f3nomo\u00a0en tu vida diaria. Desde aqu\u00ed animo a cualquier persona con discapacidad a la pr\u00e1ctica de actividad f\u00edsica, ya que va a tener la oportunidad de vivir experiencias incre\u00edbles y conocer gente con capacidades diferentes a las suyas.\u00a0<\/b><\/em><\/p>\n","protected":false},"excerpt":{"rendered":"<p>Entrevistamos al valenciano Ra\u00fal Mic\u00f3, del club Avant Moncada, un ejemplo de superaci\u00f3n y perseverancia de los que tanto nos gustan en la redacci\u00f3n de Triatletas en Red. A los que compiten en la Comunidad Valenciana seguro que les suena el protagonista de la entrevista, Ra\u00fal Mic\u00f3, ya que es extremadamente dif\u00edcil no haberse cruzado [&hellip;]<\/p>\n","protected":false},"author":294,"featured_media":55495,"comment_status":"closed","ping_status":"closed","sticky":false,"template":"","format":"standard","meta":{"_acf_changed":false,"rank_math_lock_modified_date":false,"footnotes":""},"categories":[17,10],"tags":[1099,6000,5999],"class_list":{"0":"post-55488","1":"post","2":"type-post","3":"status-publish","4":"format-standard","5":"has-post-thumbnail","7":"category-actualidad","8":"category-entrevistas-triatlon","9":"tag-paratriatlon","10":"tag-ptsviii","11":"tag-raul-mico"},"acf":[],"_links":{"self":[{"href":"https:\/\/miurltemporal.com/main/triatletasenred.sport.es\/wp-json\/wp\/v2\/posts\/55488"}],"collection":[{"href":"https:\/\/miurltemporal.com/main/triatletasenred.sport.es\/wp-json\/wp\/v2\/posts"}],"about":[{"href":"https:\/\/miurltemporal.com/main/triatletasenred.sport.es\/wp-json\/wp\/v2\/types\/post"}],"author":[{"embeddable":true,"href":"https:\/\/miurltemporal.com/main/triatletasenred.sport.es\/wp-json\/wp\/v2\/users\/294"}],"replies":[{"embeddable":true,"href":"https:\/\/miurltemporal.com/main/triatletasenred.sport.es\/wp-json\/wp\/v2\/comments?post=55488"}],"version-history":[{"count":0,"href":"https:\/\/miurltemporal.com/main/triatletasenred.sport.es\/wp-json\/wp\/v2\/posts\/55488\/revisions"}],"wp:featuredmedia":[{"embeddable":true,"href":"https:\/\/miurltemporal.com/main/triatletasenred.sport.es\/wp-json\/wp\/v2\/media\/55495"}],"wp:attachment":[{"href":"https:\/\/miurltemporal.com/main/triatletasenred.sport.es\/wp-json\/wp\/v2\/media?parent=55488"}],"wp:term":[{"taxonomy":"category","embeddable":true,"href":"https:\/\/miurltemporal.com/main/triatletasenred.sport.es\/wp-json\/wp\/v2\/categories?post=55488"},{"taxonomy":"post_tag","embeddable":true,"href":"https:\/\/miurltemporal.com/main/triatletasenred.sport.es\/wp-json\/wp\/v2\/tags?post=55488"}],"curies":[{"name":"wp","href":"https:\/\/api.w.org\/{rel}","templated":true}]}}