{"id":55405,"date":"2017-12-27T10:06:41","date_gmt":"2017-12-27T08:06:41","guid":{"rendered":"http:\/\/triatletasenred.com\/?p=55405"},"modified":"2017-12-27T12:01:21","modified_gmt":"2017-12-27T10:01:21","slug":"triatlon-mejores-momentos-2017-imagenes","status":"publish","type":"post","link":"https:\/\/miurltemporal.com/main/triatletasenred.sport.es\/actualidad\/triatlon-mejores-momentos-2017-imagenes\/","title":{"rendered":"Los mejores momentos del 2017 en im\u00e1genes"},"content":{"rendered":"<h3 style=\"text-align: justify\">Os dejamos una colecci\u00f3n de im\u00e1genes donde repasamos los mejores momentos del a\u00f1o con los \u00e9xitos que han marcado la temporada de\u00a0triatl\u00f3n<i><em>\u00a0<\/em><\/i>internacional.<\/h3>\n<figure id=\"attachment_55406\" aria-describedby=\"caption-attachment-55406\" style=\"width: 461px\" class=\"wp-caption aligncenter\"><img fetchpriority=\"high\" decoding=\"async\" class=\"wp-image-55406 \" src=\"https:\/\/miurltemporal.com/main/triatletasenred.sport.es\/wp-content\/uploads\/Mola-rotterdam-300x168.jpg\" alt=\"\" width=\"461\" height=\"258\" srcset=\"https:\/\/miurltemporal.com/main/triatletasenred.sport.es\/wp-content\/uploads\/Mola-rotterdam-300x168.jpg 300w, https:\/\/miurltemporal.com/main/triatletasenred.sport.es\/wp-content\/uploads\/Mola-rotterdam-700x393.jpg 700w, https:\/\/miurltemporal.com/main/triatletasenred.sport.es\/wp-content\/uploads\/Mola-rotterdam-768x431.jpg 768w, https:\/\/miurltemporal.com/main/triatletasenred.sport.es\/wp-content\/uploads\/Mola-rotterdam-696x391.jpg 696w, https:\/\/miurltemporal.com/main/triatletasenred.sport.es\/wp-content\/uploads\/Mola-rotterdam-748x420.jpg 748w, https:\/\/miurltemporal.com/main/triatletasenred.sport.es\/wp-content\/uploads\/Mola-rotterdam.jpg 996w\" sizes=\"(max-width: 461px) 100vw, 461px\" \/><figcaption id=\"caption-attachment-55406\" class=\"wp-caption-text\">Mario mola se proclama vencedor de las Series Mundiales en la Gran Final de Rotterdam, con Javier Gomez Noya segundo y Blummenfelt tercero.<\/figcaption><\/figure>\n<p>&nbsp;<\/p>\n<figure id=\"attachment_55407\" aria-describedby=\"caption-attachment-55407\" style=\"width: 468px\" class=\"wp-caption aligncenter\"><img decoding=\"async\" class=\" wp-image-55407\" src=\"https:\/\/miurltemporal.com/main/triatletasenred.sport.es\/wp-content\/uploads\/Noya-70.3-300x150.jpg\" alt=\"\" width=\"468\" height=\"234\" srcset=\"https:\/\/miurltemporal.com/main/triatletasenred.sport.es\/wp-content\/uploads\/Noya-70.3-300x150.jpg 300w, https:\/\/miurltemporal.com/main/triatletasenred.sport.es\/wp-content\/uploads\/Noya-70.3-700x350.jpg 700w, https:\/\/miurltemporal.com/main/triatletasenred.sport.es\/wp-content\/uploads\/Noya-70.3-696x348.jpg 696w, https:\/\/miurltemporal.com/main/triatletasenred.sport.es\/wp-content\/uploads\/Noya-70.3.jpg 740w\" sizes=\"(max-width: 468px) 100vw, 468px\" \/><figcaption id=\"caption-attachment-55407\" class=\"wp-caption-text\">Noya cruzando primero la meta del Mundial IRONMAN 70.3.<\/figcaption><\/figure>\n<p>&nbsp;<\/p>\n<figure id=\"attachment_55420\" aria-describedby=\"caption-attachment-55420\" style=\"width: 460px\" class=\"wp-caption aligncenter\"><img decoding=\"async\" class=\" wp-image-55420\" src=\"https:\/\/miurltemporal.com/main/triatletasenred.sport.es\/wp-content\/uploads\/emilio-martin-campeon-europa-soria-300x192.jpg\" alt=\"\" width=\"460\" height=\"294\" srcset=\"https:\/\/miurltemporal.com/main/triatletasenred.sport.es\/wp-content\/uploads\/emilio-martin-campeon-europa-soria-300x192.jpg 300w, https:\/\/miurltemporal.com/main/triatletasenred.sport.es\/wp-content\/uploads\/emilio-martin-campeon-europa-soria-700x449.jpg 700w, https:\/\/miurltemporal.com/main/triatletasenred.sport.es\/wp-content\/uploads\/emilio-martin-campeon-europa-soria-768x492.jpg 768w, https:\/\/miurltemporal.com/main/triatletasenred.sport.es\/wp-content\/uploads\/emilio-martin-campeon-europa-soria.jpg 852w\" sizes=\"(max-width: 460px) 100vw, 460px\" \/><figcaption id=\"caption-attachment-55420\" class=\"wp-caption-text\">Emilio Mart\u00edn proclam\u00e1ndose Campe\u00f3n de Europa de Duatl\u00f3n en Soria.<\/figcaption><\/figure>\n<p>&nbsp;<\/p>\n<figure id=\"attachment_55408\" aria-describedby=\"caption-attachment-55408\" style=\"width: 462px\" class=\"wp-caption aligncenter\"><img loading=\"lazy\" decoding=\"async\" class=\" wp-image-55408\" src=\"https:\/\/miurltemporal.com/main/triatletasenred.sport.es\/wp-content\/uploads\/Saleta-Castro-se-estrena-en-IRONMAN-300x174.jpg\" alt=\"\" width=\"462\" height=\"268\" \/><figcaption id=\"caption-attachment-55408\" class=\"wp-caption-text\">Saleta Castro ganando su primer IRONMAN en Maastricht,<\/figcaption><\/figure>\n<p>&nbsp;<\/p>\n<figure id=\"attachment_55409\" aria-describedby=\"caption-attachment-55409\" style=\"width: 463px\" class=\"wp-caption aligncenter\"><img loading=\"lazy\" decoding=\"async\" class=\" wp-image-55409\" src=\"https:\/\/miurltemporal.com/main/triatletasenred.sport.es\/wp-content\/uploads\/frodeno-animando-lange-ironman-300x174.jpg\" alt=\"\" width=\"463\" height=\"269\" srcset=\"https:\/\/miurltemporal.com/main/triatletasenred.sport.es\/wp-content\/uploads\/frodeno-animando-lange-ironman-300x174.jpg 300w, https:\/\/miurltemporal.com/main/triatletasenred.sport.es\/wp-content\/uploads\/frodeno-animando-lange-ironman-700x407.jpg 700w, https:\/\/miurltemporal.com/main/triatletasenred.sport.es\/wp-content\/uploads\/frodeno-animando-lange-ironman-1024x595.jpg 1024w, https:\/\/miurltemporal.com/main/triatletasenred.sport.es\/wp-content\/uploads\/frodeno-animando-lange-ironman-768x446.jpg 768w, https:\/\/miurltemporal.com/main/triatletasenred.sport.es\/wp-content\/uploads\/frodeno-animando-lange-ironman-696x404.jpg 696w, https:\/\/miurltemporal.com/main/triatletasenred.sport.es\/wp-content\/uploads\/frodeno-animando-lange-ironman-1068x621.jpg 1068w, https:\/\/miurltemporal.com/main/triatletasenred.sport.es\/wp-content\/uploads\/frodeno-animando-lange-ironman-723x420.jpg 723w, https:\/\/miurltemporal.com/main/triatletasenred.sport.es\/wp-content\/uploads\/frodeno-animando-lange-ironman.jpg 1160w\" sizes=\"(max-width: 463px) 100vw, 463px\" \/><figcaption id=\"caption-attachment-55409\" class=\"wp-caption-text\">Frodeno animando a su compatriota Patrick Lange en Hawaii.<\/figcaption><\/figure>\n<p>&nbsp;<\/p>\n<figure id=\"attachment_55410\" aria-describedby=\"caption-attachment-55410\" style=\"width: 461px\" class=\"wp-caption aligncenter\"><img loading=\"lazy\" decoding=\"async\" class=\" wp-image-55410\" src=\"https:\/\/miurltemporal.com/main/triatletasenred.sport.es\/wp-content\/uploads\/Tim-dom-record-ironman-brasil-300x200.jpg\" alt=\"\" width=\"461\" height=\"307\" srcset=\"https:\/\/miurltemporal.com/main/triatletasenred.sport.es\/wp-content\/uploads\/Tim-dom-record-ironman-brasil-300x200.jpg 300w, https:\/\/miurltemporal.com/main/triatletasenred.sport.es\/wp-content\/uploads\/Tim-dom-record-ironman-brasil-700x466.jpg 700w, https:\/\/miurltemporal.com/main/triatletasenred.sport.es\/wp-content\/uploads\/Tim-dom-record-ironman-brasil-768x511.jpg 768w, https:\/\/miurltemporal.com/main/triatletasenred.sport.es\/wp-content\/uploads\/Tim-dom-record-ironman-brasil-1024x681.jpg 1024w, https:\/\/miurltemporal.com/main/triatletasenred.sport.es\/wp-content\/uploads\/Tim-dom-record-ironman-brasil.jpg 1200w\" sizes=\"(max-width: 461px) 100vw, 461px\" \/><figcaption id=\"caption-attachment-55410\" class=\"wp-caption-text\">Tim Dom bate el r\u00e9cord del mundo con 07:40:23 en el IRONMAN Brasil.<\/figcaption><\/figure>\n<p>&nbsp;<\/p>\n<figure id=\"attachment_55411\" aria-describedby=\"caption-attachment-55411\" style=\"width: 461px\" class=\"wp-caption aligncenter\"><img loading=\"lazy\" decoding=\"async\" class=\" wp-image-55411\" src=\"https:\/\/miurltemporal.com/main/triatletasenred.sport.es\/wp-content\/uploads\/Flora-duffy-rotterdam-300x200.jpeg\" alt=\"\" width=\"461\" height=\"308\" srcset=\"https:\/\/miurltemporal.com/main/triatletasenred.sport.es\/wp-content\/uploads\/Flora-duffy-rotterdam-300x200.jpeg 300w, https:\/\/miurltemporal.com/main/triatletasenred.sport.es\/wp-content\/uploads\/Flora-duffy-rotterdam-700x466.jpeg 700w, https:\/\/miurltemporal.com/main/triatletasenred.sport.es\/wp-content\/uploads\/Flora-duffy-rotterdam-768x511.jpeg 768w, https:\/\/miurltemporal.com/main/triatletasenred.sport.es\/wp-content\/uploads\/Flora-duffy-rotterdam.jpeg 900w\" sizes=\"(max-width: 461px) 100vw, 461px\" \/><figcaption id=\"caption-attachment-55411\" class=\"wp-caption-text\">Flora Duffy vence en Rotterdam y consigue su segundo mundial ITU.<\/figcaption><\/figure>\n<p>&nbsp;<\/p>\n<figure id=\"attachment_55412\" aria-describedby=\"caption-attachment-55412\" style=\"width: 464px\" class=\"wp-caption aligncenter\"><img loading=\"lazy\" decoding=\"async\" class=\" wp-image-55412\" src=\"https:\/\/miurltemporal.com/main/triatletasenred.sport.es\/wp-content\/uploads\/Daniel-Ryf-ironman-300x150.jpeg\" alt=\"\" width=\"464\" height=\"233\" srcset=\"https:\/\/miurltemporal.com/main/triatletasenred.sport.es\/wp-content\/uploads\/Daniel-Ryf-ironman-300x150.jpeg 300w, https:\/\/miurltemporal.com/main/triatletasenred.sport.es\/wp-content\/uploads\/Daniel-Ryf-ironman-700x350.jpeg 700w, https:\/\/miurltemporal.com/main/triatletasenred.sport.es\/wp-content\/uploads\/Daniel-Ryf-ironman.jpeg 740w\" sizes=\"(max-width: 464px) 100vw, 464px\" \/><figcaption id=\"caption-attachment-55412\" class=\"wp-caption-text\">Daniel Ryf llegando a meta en el Mundial IRONMAN en Kona.<\/figcaption><\/figure>\n<p>&nbsp;<\/p>\n<figure id=\"attachment_55413\" aria-describedby=\"caption-attachment-55413\" style=\"width: 460px\" class=\"wp-caption aligncenter\"><img loading=\"lazy\" decoding=\"async\" class=\" wp-image-55413\" src=\"https:\/\/miurltemporal.com/main/triatletasenred.sport.es\/wp-content\/uploads\/Bradley-Weiss-xterra-300x200.jpg\" alt=\"\" width=\"460\" height=\"306\" srcset=\"https:\/\/miurltemporal.com/main/triatletasenred.sport.es\/wp-content\/uploads\/Bradley-Weiss-xterra-300x200.jpg 300w, https:\/\/miurltemporal.com/main/triatletasenred.sport.es\/wp-content\/uploads\/Bradley-Weiss-xterra-700x466.jpg 700w, https:\/\/miurltemporal.com/main/triatletasenred.sport.es\/wp-content\/uploads\/Bradley-Weiss-xterra-768x512.jpg 768w, https:\/\/miurltemporal.com/main/triatletasenred.sport.es\/wp-content\/uploads\/Bradley-Weiss-xterra-1024x682.jpg 1024w, https:\/\/miurltemporal.com/main/triatletasenred.sport.es\/wp-content\/uploads\/Bradley-Weiss-xterra.jpg 1030w\" sizes=\"(max-width: 460px) 100vw, 460px\" \/><figcaption id=\"caption-attachment-55413\" class=\"wp-caption-text\">Bradley Weiss venciendo en el Mundial XTERRA.<\/figcaption><\/figure>\n<p>&nbsp;<\/p>\n<figure id=\"attachment_55415\" aria-describedby=\"caption-attachment-55415\" style=\"width: 460px\" class=\"wp-caption aligncenter\"><img loading=\"lazy\" decoding=\"async\" class=\" wp-image-55415\" src=\"https:\/\/miurltemporal.com/main/triatletasenred.sport.es\/wp-content\/uploads\/RA\u00d1A-COZUMEL-300x300.jpg\" alt=\"\" width=\"460\" height=\"460\" srcset=\"https:\/\/miurltemporal.com/main/triatletasenred.sport.es\/wp-content\/uploads\/RA\u00d1A-COZUMEL-300x300.jpg 300w, https:\/\/miurltemporal.com/main/triatletasenred.sport.es\/wp-content\/uploads\/RA\u00d1A-COZUMEL-100x100.jpg 100w, https:\/\/miurltemporal.com/main/triatletasenred.sport.es\/wp-content\/uploads\/RA\u00d1A-COZUMEL-700x700.jpg 700w, https:\/\/miurltemporal.com/main/triatletasenred.sport.es\/wp-content\/uploads\/RA\u00d1A-COZUMEL-150x150.jpg 150w, https:\/\/miurltemporal.com/main/triatletasenred.sport.es\/wp-content\/uploads\/RA\u00d1A-COZUMEL-768x768.jpg 768w, https:\/\/miurltemporal.com/main/triatletasenred.sport.es\/wp-content\/uploads\/RA\u00d1A-COZUMEL.jpg 960w\" sizes=\"(max-width: 460px) 100vw, 460px\" \/><figcaption id=\"caption-attachment-55415\" class=\"wp-caption-text\">Podio del &#8220;ANIMAL&#8221; Ra\u00f1a en Cozumel y clasificaci\u00f3n virtual para KONA 2018.<\/figcaption><\/figure>\n<p>&nbsp;<\/p>\n<figure id=\"attachment_55417\" aria-describedby=\"caption-attachment-55417\" style=\"width: 462px\" class=\"wp-caption aligncenter\"><img loading=\"lazy\" decoding=\"async\" class=\" wp-image-55417\" src=\"https:\/\/miurltemporal.com/main/triatletasenred.sport.es\/wp-content\/uploads\/pablo-dapena-y-anna-noguera-300x144.jpg\" alt=\"\" width=\"462\" height=\"222\" srcset=\"https:\/\/miurltemporal.com/main/triatletasenred.sport.es\/wp-content\/uploads\/pablo-dapena-y-anna-noguera-300x144.jpg 300w, https:\/\/miurltemporal.com/main/triatletasenred.sport.es\/wp-content\/uploads\/pablo-dapena-y-anna-noguera-700x335.jpg 700w, https:\/\/miurltemporal.com/main/triatletasenred.sport.es\/wp-content\/uploads\/pablo-dapena-y-anna-noguera.jpg 702w\" sizes=\"(max-width: 462px) 100vw, 462px\" \/><figcaption id=\"caption-attachment-55417\" class=\"wp-caption-text\">Pablo Dapena y Anna Noguera proclam\u00e1ndose en Ibiza Campeones de Espa\u00f1a de Larga Distancia.<\/figcaption><\/figure>\n<p>&nbsp;<\/p>\n","protected":false},"excerpt":{"rendered":"<p>Os dejamos una colecci\u00f3n de im\u00e1genes donde repasamos los mejores momentos del a\u00f1o con los \u00e9xitos y fracasos que han marcado la temporada de triatl\u00f3n.<\/p>\n","protected":false},"author":294,"featured_media":55414,"comment_status":"closed","ping_status":"closed","sticky":false,"template":"","format":"standard","meta":{"_acf_changed":false,"rank_math_lock_modified_date":false,"footnotes":""},"categories":[17],"tags":[404,930,1936,819],"class_list":{"0":"post-55405","1":"post","2":"type-post","3":"status-publish","4":"format-standard","5":"has-post-thumbnail","7":"category-actualidad","8":"tag-ironman","9":"tag-itu","10":"tag-jan-frodeno","11":"tag-javier-gomez-noya"},"acf":[],"_links":{"self":[{"href":"https:\/\/miurltemporal.com/main/triatletasenred.sport.es\/wp-json\/wp\/v2\/posts\/55405"}],"collection":[{"href":"https:\/\/miurltemporal.com/main/triatletasenred.sport.es\/wp-json\/wp\/v2\/posts"}],"about":[{"href":"https:\/\/miurltemporal.com/main/triatletasenred.sport.es\/wp-json\/wp\/v2\/types\/post"}],"author":[{"embeddable":true,"href":"https:\/\/miurltemporal.com/main/triatletasenred.sport.es\/wp-json\/wp\/v2\/users\/294"}],"replies":[{"embeddable":true,"href":"https:\/\/miurltemporal.com/main/triatletasenred.sport.es\/wp-json\/wp\/v2\/comments?post=55405"}],"version-history":[{"count":0,"href":"https:\/\/miurltemporal.com/main/triatletasenred.sport.es\/wp-json\/wp\/v2\/posts\/55405\/revisions"}],"wp:featuredmedia":[{"embeddable":true,"href":"https:\/\/miurltemporal.com/main/triatletasenred.sport.es\/wp-json\/wp\/v2\/media\/55414"}],"wp:attachment":[{"href":"https:\/\/miurltemporal.com/main/triatletasenred.sport.es\/wp-json\/wp\/v2\/media?parent=55405"}],"wp:term":[{"taxonomy":"category","embeddable":true,"href":"https:\/\/miurltemporal.com/main/triatletasenred.sport.es\/wp-json\/wp\/v2\/categories?post=55405"},{"taxonomy":"post_tag","embeddable":true,"href":"https:\/\/miurltemporal.com/main/triatletasenred.sport.es\/wp-json\/wp\/v2\/tags?post=55405"}],"curies":[{"name":"wp","href":"https:\/\/api.w.org\/{rel}","templated":true}]}}