{"id":55363,"date":"2017-12-22T09:59:24","date_gmt":"2017-12-22T07:59:24","guid":{"rendered":"http:\/\/triatletasenred.com\/?p=55363"},"modified":"2017-12-22T10:03:38","modified_gmt":"2017-12-22T08:03:38","slug":"ciclista-muere-atropellado-caceres","status":"publish","type":"post","link":"https:\/\/miurltemporal.com/main/triatletasenred.sport.es\/actualidad\/ciclista-muere-atropellado-caceres\/","title":{"rendered":"Otro ciclista muere atropellado en C\u00e1ceres&#8230;  \u00a1Y ya van 34 este a\u00f1o!"},"content":{"rendered":"<h3 style=\"text-align: justify;\">Esta vez fue en la comunidad extreme\u00f1a en la que lamentamos una nueva p\u00e9rdida. Enrique Paniagua, de 32 a\u00f1os de edad, fue atropellado mientras entrenaba.<\/h3>\n<p style=\"text-align: justify;\"><img fetchpriority=\"high\" decoding=\"async\" class=\"alignleft size-large\" src=\"http:\/\/www.ciclismoextremadura.es\/sites\/ciclismoextremadura.es\/files\/styles\/ancho_300px\/public\/noticias\/lazo-negro-bici.jpg?itok=JcKGcN1e\" width=\"300\" height=\"225\" \/><\/p>\n<p style=\"text-align: justify;\">El triste suceso se di\u00f3 en\u00a0\u00a0la carretera EX-213, de Arroyomolinos de la Vera a Barrado, en la provincia de C\u00e1ceres, seg\u00fan informa el Centro de Urgencias y Emergencias 112 Extremadura.<\/p>\n<p style=\"text-align: justify;\">Una llamada al tel\u00e9fono de emergencias del 112 daba el aviso del triste atropello a la zona, habitual punto de entrenamiento de ciclistas extreme\u00f1os. Los servicios de emergencias ni la unidad medicalizada desplazada al punto del siniestro pudieron ya hacer nada por salvar la vida del ciclista que era miembro del club\u00a0<strong>AD Pikota Bike<\/strong><\/p>\n<p><em><strong>&#8220;Una vez m\u00e1s tenemos que llorar a un compa\u00f1ero ciclista en un a\u00f1o que en Espa\u00f1a ha sido especialmente tr\u00e1gico en este tipo de sucesos y que justo ahora, antes de estas fechas tan entra\u00f1ables, nos toca de lleno en Extremadura<\/strong><\/em>.&#8221;<\/p>\n<p style=\"text-align: justify;\">Es el mensaje de la Federaci\u00f3n Extreme\u00f1a de Ciclismo al que nos unimos un\u00e1nimamente desde la redacci\u00f3n de Triatletas En Red.<\/p>\n<p>&nbsp;<\/p>\n","protected":false},"excerpt":{"rendered":"<p>Esta vez fue en la comunidad extreme\u00f1a en la que lamentamos una nueva p\u00e9rdida. Enrique Paniagua, de 32 a\u00f1os de edad, fue atropellado mientras entrenaba.<\/p>\n","protected":false},"author":1,"featured_media":55364,"comment_status":"closed","ping_status":"closed","sticky":false,"template":"","format":"standard","meta":{"_acf_changed":false,"rank_math_lock_modified_date":false,"footnotes":""},"categories":[17,2033],"tags":[],"class_list":{"0":"post-55363","1":"post","2":"type-post","3":"status-publish","4":"format-standard","5":"has-post-thumbnail","7":"category-actualidad","8":"category-sport"},"acf":[],"_links":{"self":[{"href":"https:\/\/miurltemporal.com/main/triatletasenred.sport.es\/wp-json\/wp\/v2\/posts\/55363"}],"collection":[{"href":"https:\/\/miurltemporal.com/main/triatletasenred.sport.es\/wp-json\/wp\/v2\/posts"}],"about":[{"href":"https:\/\/miurltemporal.com/main/triatletasenred.sport.es\/wp-json\/wp\/v2\/types\/post"}],"author":[{"embeddable":true,"href":"https:\/\/miurltemporal.com/main/triatletasenred.sport.es\/wp-json\/wp\/v2\/users\/1"}],"replies":[{"embeddable":true,"href":"https:\/\/miurltemporal.com/main/triatletasenred.sport.es\/wp-json\/wp\/v2\/comments?post=55363"}],"version-history":[{"count":0,"href":"https:\/\/miurltemporal.com/main/triatletasenred.sport.es\/wp-json\/wp\/v2\/posts\/55363\/revisions"}],"wp:featuredmedia":[{"embeddable":true,"href":"https:\/\/miurltemporal.com/main/triatletasenred.sport.es\/wp-json\/wp\/v2\/media\/55364"}],"wp:attachment":[{"href":"https:\/\/miurltemporal.com/main/triatletasenred.sport.es\/wp-json\/wp\/v2\/media?parent=55363"}],"wp:term":[{"taxonomy":"category","embeddable":true,"href":"https:\/\/miurltemporal.com/main/triatletasenred.sport.es\/wp-json\/wp\/v2\/categories?post=55363"},{"taxonomy":"post_tag","embeddable":true,"href":"https:\/\/miurltemporal.com/main/triatletasenred.sport.es\/wp-json\/wp\/v2\/tags?post=55363"}],"curies":[{"name":"wp","href":"https:\/\/api.w.org\/{rel}","templated":true}]}}