{"id":5451,"date":"2012-11-09T07:24:54","date_gmt":"2012-11-09T07:24:54","guid":{"rendered":"http:\/\/triatletasenred.com\/?p=5451"},"modified":"2016-02-29T13:05:51","modified_gmt":"2016-02-29T11:05:51","slug":"primertriatlon-com-y-noteparesteam-com-impulsan-la-entrada-al-triatlon","status":"publish","type":"post","link":"https:\/\/miurltemporal.com/main/triatletasenred.sport.es\/en-red\/primertriatlon-com-y-noteparesteam-com-impulsan-la-entrada-al-triatlon\/","title":{"rendered":"Primertriatlon.com y NoteparesTeam.com impulsan la entrada al triatl\u00f3n"},"content":{"rendered":"<h5 style=\"text-align: justify;\">Un nuevo movimiento se une al panorama tri\u00e1tletico nacional. Surgido de las redes sociales, notepares team y su filosof\u00eda #aciegas han entrado con mucha fuerza entre los deportistas populares de gran parte del territorio que tienen una nueva opci\u00f3n en el club de nueva formaci\u00f3n. La uni\u00f3n con el espacio de Raul Casa\u00f1as primertriatlon.com son una buena tarjeta de presentaci\u00f3n.<\/h5>\n<p style=\"text-align: justify;\"><strong>Actividades \u201ca ciegas\u201d<\/strong><\/p>\n<p style=\"text-align: justify;\">Con el objetivo de fomentar el triatl\u00f3n popular est\u00e1n organizando desde hace tres meses actividades \u201ca ciegas\u201d por Espa\u00f1a donde v\u00eda twitter van planteando quedadas de entrenos bajo los hashtag #swimaciegas #bikeaciegas #runaciegas. Ya se han encontrado en Madrid, Sevilla, Asturias y Barcelona, en este \u00faltimo con un gran \u00e9xito de participaci\u00f3n en los #swimaciegas que cada viernes se han desarrollado desde el Boo Beach Club para entrenar el circuito del Garmin Barcelona Triatl\u00f3n y donde han participado atletas de la talla de Damiam Blaum (subcampe\u00f3n mundial de nataci\u00f3n en aguas abiertas) o Santi Pellejero (entrenador de Victor del Corral y director t\u00e9cnico de la TunaRace). Si quieres unirte a las pr\u00f3ximas salidas de No Te Pares Team, \u00e9ste es el calendario donde se incluye una salida de Run simult\u00e1nea en toda Espa\u00f1a.<\/p>\n<p style=\"text-align: justify;\">\u2022 #runaciegas Barcelona Viernes 9, a las 19h Asics Barcelona<\/p>\n<p style=\"text-align: justify;\">\u2022 #swimaciegas Barcelona Sabado 10 y Sabado 24 Boo Beach Club 12h<\/p>\n<p style=\"text-align: justify;\">\u2022 #swimaciegas Donosti S\u00e1bado 10 y S\u00e1bado 24 Playa de la Concha 12h<\/p>\n<p style=\"text-align: justify;\">\u2022 #runaciegas nacional Viernes 23 (horarios y ciudades por confirmar)<\/p>\n<p style=\"text-align: justify;\">Para presentar este concepto se ha trabajado en esta pieza \u201cteaser\u201d\u00a0\u00a0que es el avance de los v\u00eddeos que se publicaran desde hoy y cada martes en el canal www.youtube.com\/raulcasanas y en las webs www.primertriatlon.com y www.noteparesteam.com<\/p>\n<p style=\"text-align: justify;\">[youtube id=&#8221;g0vRXDXkEa0&#8243; width=&#8221;620&#8243; height=&#8221;360&#8243;]<\/p>\n<p style=\"text-align: justify;\"><a class=\"vc_btn vc_btn-green vc_btn-sm vc_btn_square \" href=\"http:\/\/noteparesteam.com\/\" rel=\"nofollow noopener\" target=\"_blank\">noteparesteam<\/a><\/p>\n<p style=\"text-align: justify;\"><a class=\"vc_btn vc_btn-green vc_btn-sm vc_btn_square \" href=\"http:\/\/www.primertriatlon.com\/\" rel=\"nofollow noopener\" target=\"_blank\">Primer triatlon<\/a><\/p>\n<p style=\"text-align: justify;\">\n","protected":false},"excerpt":{"rendered":"<p>Un nuevo movimiento se une al panorama tri\u00e1tletico nacional. Surgido de las redes sociales, notepares team y su filosof\u00eda #aciegas han entrado con mucha fuerza entre los deportistas populares de gran parte del territorio que tienen una nueva opci\u00f3n en el club de nueva formaci\u00f3n. La uni\u00f3n con el espacio de Raul Casa\u00f1as primertriatlon.com son [&hellip;]<\/p>\n","protected":false},"author":2,"featured_media":5456,"comment_status":"closed","ping_status":"open","sticky":false,"template":"","format":"standard","meta":{"_acf_changed":false,"rank_math_lock_modified_date":false,"footnotes":""},"categories":[17,16],"tags":[1446,1448,360],"class_list":{"0":"post-5451","1":"post","2":"type-post","3":"status-publish","4":"format-standard","5":"has-post-thumbnail","7":"category-actualidad","8":"category-en-red","9":"tag-debut","10":"tag-debut-ironman","11":"tag-noteparesteam-com"},"acf":[],"_links":{"self":[{"href":"https:\/\/miurltemporal.com/main/triatletasenred.sport.es\/wp-json\/wp\/v2\/posts\/5451"}],"collection":[{"href":"https:\/\/miurltemporal.com/main/triatletasenred.sport.es\/wp-json\/wp\/v2\/posts"}],"about":[{"href":"https:\/\/miurltemporal.com/main/triatletasenred.sport.es\/wp-json\/wp\/v2\/types\/post"}],"author":[{"embeddable":true,"href":"https:\/\/miurltemporal.com/main/triatletasenred.sport.es\/wp-json\/wp\/v2\/users\/2"}],"replies":[{"embeddable":true,"href":"https:\/\/miurltemporal.com/main/triatletasenred.sport.es\/wp-json\/wp\/v2\/comments?post=5451"}],"version-history":[{"count":0,"href":"https:\/\/miurltemporal.com/main/triatletasenred.sport.es\/wp-json\/wp\/v2\/posts\/5451\/revisions"}],"wp:featuredmedia":[{"embeddable":true,"href":"https:\/\/miurltemporal.com/main/triatletasenred.sport.es\/wp-json\/wp\/v2\/media\/5456"}],"wp:attachment":[{"href":"https:\/\/miurltemporal.com/main/triatletasenred.sport.es\/wp-json\/wp\/v2\/media?parent=5451"}],"wp:term":[{"taxonomy":"category","embeddable":true,"href":"https:\/\/miurltemporal.com/main/triatletasenred.sport.es\/wp-json\/wp\/v2\/categories?post=5451"},{"taxonomy":"post_tag","embeddable":true,"href":"https:\/\/miurltemporal.com/main/triatletasenred.sport.es\/wp-json\/wp\/v2\/tags?post=5451"}],"curies":[{"name":"wp","href":"https:\/\/api.w.org\/{rel}","templated":true}]}}