{"id":53870,"date":"2017-10-02T11:35:59","date_gmt":"2017-10-02T09:35:59","guid":{"rendered":"http:\/\/triatletasenred.com\/?p=53870"},"modified":"2017-10-02T12:11:24","modified_gmt":"2017-10-02T10:11:24","slug":"marcel-zamora-vencio-half-costa-brava-regreso-la-competicion","status":"publish","type":"post","link":"https:\/\/miurltemporal.com/main/triatletasenred.sport.es\/actualidad\/marcel-zamora-vencio-half-costa-brava-regreso-la-competicion\/","title":{"rendered":"Marcel Zamora venci\u00f3 el Half Costa Brava en su regreso a la competici\u00f3n"},"content":{"rendered":"<h2 style=\"text-align: justify;\">A la leyenda de Embr\u00fan le va la marcha y esta vez se colg\u00f3 el dorsal de una prueba exigente como era el\u00a0Half Costa Brava y lo hizo por la puerta grande, con una victoria<\/h2>\n<p style=\"text-align: justify;\"><a href=\"https:\/\/nutrisport.es\/barritas\/199-fusion-flap.html\" rel=\"nofollow noopener\" target=\"_blank\"><img fetchpriority=\"high\" decoding=\"async\" class=\"aligncenter size-full wp-image-52568\" src=\"https:\/\/miurltemporal.com/main/triatletasenred.sport.es\/wp-content\/uploads\/FusionFlapBanner.png\" alt=\"\" width=\"700\" height=\"150\" \/><\/a><\/p>\n<p style=\"text-align: justify;\">Ya avanz\u00e1bamos en la <a href=\"https:\/\/miurltemporal.com/main/triatletasenred.sport.es\/actualidad\/marcel-zamora-half-costa-brava\/\">previa de este Half Costa Brava<\/a> que <strong>Marcel Zamora<\/strong> compet\u00eda en una prueba que le motivaba por su dureza, los recorridos y por las caracter\u00edsticas del evento que tuvo lugar este s\u00e1bado en la provincia de Girona y si el de Gr\u00e0cia esta motivado es garant\u00eda de espect\u00e1culo.<\/p>\n<p style=\"text-align: justify;\"><img decoding=\"async\" class=\"size-medium wp-image-53871 alignleft\" src=\"https:\/\/miurltemporal.com/main/triatletasenred.sport.es\/wp-content\/uploads\/podio-costa-brava-300x225.jpg\" alt=\"\" width=\"300\" height=\"225\" srcset=\"https:\/\/miurltemporal.com/main/triatletasenred.sport.es\/wp-content\/uploads\/podio-costa-brava-300x225.jpg 300w, https:\/\/miurltemporal.com/main/triatletasenred.sport.es\/wp-content\/uploads\/podio-costa-brava-700x526.jpg 700w, https:\/\/miurltemporal.com/main/triatletasenred.sport.es\/wp-content\/uploads\/podio-costa-brava-768x577.jpg 768w, https:\/\/miurltemporal.com/main/triatletasenred.sport.es\/wp-content\/uploads\/podio-costa-brava.jpg 852w\" sizes=\"(max-width: 300px) 100vw, 300px\" \/>As\u00ed, con un tiempo final de\u00a04:29:44 consegu\u00eda cruzar el arco de meta situado en la localidad de Platja D&#8217;aro tras una bonita batalla con el atleta 2XU <strong>Guillem Rojas<\/strong> que consegu\u00eda salir en primera posici\u00f3n del agua con una ventaja que Marcel logr\u00f3 neutralizar en el circuito ciclista. Finalmente la carrera a pie sentenci\u00f3 la prueba dando la victoria a Marcel, segundo lugar para Guillem Rojas (4:31:12) \u00a0y el tercer puesto para <strong>Jordi Relats<\/strong> que cruzaba la meta a poco menos de 6 minutos del vencedor.<\/p>\n<p style=\"text-align: justify;\">En categor\u00eda femenina victoria holgada para <strong>Janet Van Der Berg<\/strong> con un tiempo final de\u00a05:22:38. Segunda fue la atleta<strong> Sandra Casellas<\/strong> y completaba el podio femenino <strong>Mar\u00eda Mart\u00ednez.\u00a0<\/strong><\/p>\n<p style=\"text-align: justify;\">Tras el \u00e9xito de la prueba y la buena respuesta de los participantes<strong> la organizaci\u00f3n ya ha puesto fecha a la edici\u00f3n 2018 que ser\u00e1 el 7 de octube<\/strong>.<\/p>\n<p style=\"text-align: justify;\">\u00a1All\u00ed estaremos de nuevo!<\/p>\n<p>&nbsp;<\/p>\n","protected":false},"excerpt":{"rendered":"<p>A la leyenda de Embr\u00fan le va la marcha y esta vez se colg\u00f3 el dorsal de una prueba exigente como era el Half Costa Brava y lo hizo para ganar<\/p>\n","protected":false},"author":1,"featured_media":53872,"comment_status":"closed","ping_status":"closed","sticky":false,"template":"","format":"standard","meta":{"_acf_changed":false,"rank_math_lock_modified_date":false,"footnotes":""},"categories":[17],"tags":[1168,3114,5858,181],"class_list":{"0":"post-53870","1":"post","2":"type-post","3":"status-publish","4":"format-standard","5":"has-post-thumbnail","7":"category-actualidad","8":"tag-costa-brava","9":"tag-guillem-rojas","10":"tag-jordi-relats","11":"tag-marcel-zamora"},"acf":[],"_links":{"self":[{"href":"https:\/\/miurltemporal.com/main/triatletasenred.sport.es\/wp-json\/wp\/v2\/posts\/53870"}],"collection":[{"href":"https:\/\/miurltemporal.com/main/triatletasenred.sport.es\/wp-json\/wp\/v2\/posts"}],"about":[{"href":"https:\/\/miurltemporal.com/main/triatletasenred.sport.es\/wp-json\/wp\/v2\/types\/post"}],"author":[{"embeddable":true,"href":"https:\/\/miurltemporal.com/main/triatletasenred.sport.es\/wp-json\/wp\/v2\/users\/1"}],"replies":[{"embeddable":true,"href":"https:\/\/miurltemporal.com/main/triatletasenred.sport.es\/wp-json\/wp\/v2\/comments?post=53870"}],"version-history":[{"count":0,"href":"https:\/\/miurltemporal.com/main/triatletasenred.sport.es\/wp-json\/wp\/v2\/posts\/53870\/revisions"}],"wp:featuredmedia":[{"embeddable":true,"href":"https:\/\/miurltemporal.com/main/triatletasenred.sport.es\/wp-json\/wp\/v2\/media\/53872"}],"wp:attachment":[{"href":"https:\/\/miurltemporal.com/main/triatletasenred.sport.es\/wp-json\/wp\/v2\/media?parent=53870"}],"wp:term":[{"taxonomy":"category","embeddable":true,"href":"https:\/\/miurltemporal.com/main/triatletasenred.sport.es\/wp-json\/wp\/v2\/categories?post=53870"},{"taxonomy":"post_tag","embeddable":true,"href":"https:\/\/miurltemporal.com/main/triatletasenred.sport.es\/wp-json\/wp\/v2\/tags?post=53870"}],"curies":[{"name":"wp","href":"https:\/\/api.w.org\/{rel}","templated":true}]}}