{"id":53853,"date":"2017-10-01T07:55:51","date_gmt":"2017-10-01T05:55:51","guid":{"rendered":"http:\/\/triatletasenred.com\/?p=53853"},"modified":"2017-10-01T09:07:09","modified_gmt":"2017-10-01T07:07:09","slug":"victoria-de-uxio-abuin-copa-del-mundo-de-weihai","status":"publish","type":"post","link":"https:\/\/miurltemporal.com/main/triatletasenred.sport.es\/actualidad\/victoria-de-uxio-abuin-copa-del-mundo-de-weihai\/","title":{"rendered":"Victoria de Ux\u00edo Abu\u00edn y Antonio Serrat Tercero en la Copa del Mundo de Weihai"},"content":{"rendered":"<h2 style=\"text-align: justify;\"><b>Trabajada nueva victoria de Ux\u00edo Abu\u00edn y primer podio para Antonio Serrat en la Copa del Mundo de China.\u00a0<\/b><\/h2>\n<p style=\"text-align: justify;\"><a href=\"http:\/\/www.triatlonhabana.com\" rel=\"nofollow noopener\" target=\"_blank\"><img fetchpriority=\"high\" decoding=\"async\" class=\"aligncenter size-full wp-image-52865\" src=\"https:\/\/miurltemporal.com/main/triatletasenred.sport.es\/wp-content\/uploads\/banner-habana-700-1.jpg\" alt=\"\" width=\"700\" height=\"150\" \/><\/a><\/p>\n<p style=\"text-align: justify;\">Jornada de \u00e9xito para la triarmada en la Copa del Mundo celebrada hoy en China. El triatleta gallego est\u00e1 de enhorabuena, al buen resultado cosechado la semana pasada en la Copa del Mundo de Huelva con un tercer puesto, a\u00f1adimos la victoria lograda hoy en Weihai. Gran momento del espa\u00f1ol que suma y sigue.<\/p>\n<p style=\"text-align: justify;\">Desde Triatletas en Red lo anunciamos, y el que avisa no es traidor. En un emocionante final, con todo por decidir, <strong>Ux\u00edo Abu\u00edn<\/strong> ha sacado esa fuerza que lo caracteriza para acabar llev\u00e1ndose la victoria por delante del mexicano <strong>Rodrigo Gonz\u00e1lez<\/strong> y del espa\u00f1ol <strong>Antonio Serrat<\/strong>. Los 23 segundos que han separado al primero del tercero simbolizan a la perfecci\u00f3n ese \u00faltimo sprint en el que se ha decidido todo. El tiempo en que ha parado el crono nuestro vencedor ha sido de 01:56:15, con un parcial en el sector a pie de 00:31:11, el mejor de todos los participantes.<\/p>\n<p style=\"text-align: justify;\">Uxio compart\u00eda su alegr\u00eda en su red social en instagram :\u00a0<strong>&#8220;Content\u00edsimo con la victoria de hoy en la copa del Mundo de Weihai \u00a0y m\u00e1s a\u00fan si es acompa\u00f1ado de dos grandes como Rodrigo Gonz\u00e1lez y Antonio Serrat.\u00a0\u00a0Carrera para recordar con este podium hist\u00f3rico, enhorabuena a los dos!!<\/strong><\/p>\n<p style=\"text-align: justify;\">Con la de hoy ya son tres las Copas del Mundo que Ux\u00edo tiene en su haber, adem\u00e1s de la Copa de Europa de Altafulla celebrada en julio. Resultados de sobra para que el triatleta sea considerado por el seleccionador un fijo en las pr\u00f3ximas Series Mundiales.<\/p>\n<p style=\"text-align: justify;\">El otro espa\u00f1ol, <strong>Jordi Garc\u00eda,<\/strong> ha logrado finalizar en la posici\u00f3n 16, l\u00e1stima que no haya podido entrar dentro del TOP 10, lo que hubiera puesto la guinda final a la competici\u00f3n celebrada en el d\u00eda de hoy. Sin menospreciar el tercer puesto de Antonio Serrat, que supone el mejor resultado del vigu\u00e9s, carrera en la que adem\u00e1s, como os contamos, ha estado luchando hasta el final por el oro.<\/p>\n<p style=\"text-align: justify;\">En categor\u00eda femenina, se ha llevado la victoria la suiza <strong>Jolanda Annen<\/strong> con un tiempo de 02:09:47, con un segundo puesto para la australiana Emma Jackson y 02:10:37, y cerrando el podio la rusa Gorbunova con 02:11:07.<\/p>\n<p style=\"text-align: justify;\">No ha sido el mejor d\u00eda para las hermanas espa\u00f1olas. <strong>Camila Alonso<\/strong> ha logrado finalizar en la posici\u00f3n 15, mientras que <strong>Melina Alonso<\/strong> no ha podido terminar la carrera abandonando en el sector ciclista. Les deseamos lo mejor en sus pr\u00f3ximos retos.<\/p>\n<p style=\"text-align: justify;\">Con pocas paradas ya en el calendario, la pr\u00f3xima semana la Copa del Mundo desembarca en Estados Unidos, concretamente en Sarasota. La cita contar\u00e1 con la presencia del espa\u00f1ol <strong>David Castro<\/strong> en la l\u00ednea de salida.<\/p>\n<p style=\"text-align: justify;\">\u00a1Qu\u00e9 buena salud la del triatl\u00f3n espa\u00f1ol!<\/p>\n","protected":false},"excerpt":{"rendered":"<p>Trabajada y merecida nueva victoria de Ux\u00edo Abu\u00edn y primer podio para el vigu\u00e9s Antonio Serrat en la Copa del Mundo de China.<\/p>\n","protected":false},"author":294,"featured_media":53852,"comment_status":"closed","ping_status":"closed","sticky":false,"template":"","format":"standard","meta":{"_acf_changed":false,"rank_math_lock_modified_date":false,"footnotes":""},"categories":[17,2033],"tags":[4592,2533,2197],"class_list":{"0":"post-53853","1":"post","2":"type-post","3":"status-publish","4":"format-standard","5":"has-post-thumbnail","7":"category-actualidad","8":"category-sport","9":"tag-antonio-serrat","10":"tag-copa-del-mundo","11":"tag-uxio-abuin"},"acf":[],"_links":{"self":[{"href":"https:\/\/miurltemporal.com/main/triatletasenred.sport.es\/wp-json\/wp\/v2\/posts\/53853"}],"collection":[{"href":"https:\/\/miurltemporal.com/main/triatletasenred.sport.es\/wp-json\/wp\/v2\/posts"}],"about":[{"href":"https:\/\/miurltemporal.com/main/triatletasenred.sport.es\/wp-json\/wp\/v2\/types\/post"}],"author":[{"embeddable":true,"href":"https:\/\/miurltemporal.com/main/triatletasenred.sport.es\/wp-json\/wp\/v2\/users\/294"}],"replies":[{"embeddable":true,"href":"https:\/\/miurltemporal.com/main/triatletasenred.sport.es\/wp-json\/wp\/v2\/comments?post=53853"}],"version-history":[{"count":0,"href":"https:\/\/miurltemporal.com/main/triatletasenred.sport.es\/wp-json\/wp\/v2\/posts\/53853\/revisions"}],"wp:featuredmedia":[{"embeddable":true,"href":"https:\/\/miurltemporal.com/main/triatletasenred.sport.es\/wp-json\/wp\/v2\/media\/53852"}],"wp:attachment":[{"href":"https:\/\/miurltemporal.com/main/triatletasenred.sport.es\/wp-json\/wp\/v2\/media?parent=53853"}],"wp:term":[{"taxonomy":"category","embeddable":true,"href":"https:\/\/miurltemporal.com/main/triatletasenred.sport.es\/wp-json\/wp\/v2\/categories?post=53853"},{"taxonomy":"post_tag","embeddable":true,"href":"https:\/\/miurltemporal.com/main/triatletasenred.sport.es\/wp-json\/wp\/v2\/tags?post=53853"}],"curies":[{"name":"wp","href":"https:\/\/api.w.org\/{rel}","templated":true}]}}