{"id":53830,"date":"2017-09-28T11:28:55","date_gmt":"2017-09-28T09:28:55","guid":{"rendered":"http:\/\/triatletasenred.com\/?p=53830"},"modified":"2017-09-28T11:31:27","modified_gmt":"2017-09-28T09:31:27","slug":"mario-mola-sortea-3-gorros-natacion-usados-las-series-mundiales","status":"publish","type":"post","link":"https:\/\/miurltemporal.com/main/triatletasenred.sport.es\/actualidad\/mario-mola-sortea-3-gorros-natacion-usados-las-series-mundiales\/","title":{"rendered":"Mario Mola sortea 3 de sus gorros de nataci\u00f3n usados en las Series Mundiales"},"content":{"rendered":"<h3>El balear ha querido agradecer el apoyo de sus seguidores y aficionados poniendo en marcha un sorteo en sus redes sociales de 3 de los gorros utilizados en Series Mundiales.<\/h3>\n<p><a href=\"http:\/\/www.triatlonhabana.com\" rel=\"nofollow noopener\" target=\"_blank\"><img fetchpriority=\"high\" decoding=\"async\" class=\"aligncenter size-full wp-image-52865\" src=\"https:\/\/miurltemporal.com/main/triatletasenred.sport.es\/wp-content\/uploads\/banner-habana-700-1.jpg\" alt=\"\" width=\"700\" height=\"150\" \/><\/a><\/p>\n<p>La iniciactiva est\u00e1 teniendo un \u00e9xito espectacular que lleva hasta hoy m\u00e1s de 2000 participaciones en su cuenta en instagram y cifra similar en facebook.<\/p>\n<p>Sirva esta participaci\u00f3n como medida de las pasiones que despierta el Campe\u00f3n del Mundo en nuestra comunidad de triatletas.<\/p>\n<p>Te dejamos los enlaces para que no pierdas tu oportunidad de conseguir esos gorros y lucir el &#8220;N\u00famero 1&#8221; de Sir Mario Mola<\/p>\n<p>INSTAGRAM<\/p>\n<hr \/>\n<blockquote class=\"instagram-media\" style=\"background: #FFF; border: 0; border-radius: 3px; box-shadow: 0 0 1px 0 rgba(0,0,0,0.5),0 1px 10px 0 rgba(0,0,0,0.15); margin: 1px; max-width: 358px; padding: 0; width: calc(100% - 2px);\" data-instgrm-captioned=\"\" data-instgrm-version=\"7\">\n<div style=\"padding: 8px;\">\n<div style=\"background: #F8F8F8; line-height: 0; margin-top: 40px; padding: 50% 0; text-align: center; width: 100%;\"><\/div>\n<p style=\"margin: 8px 0 0 0; padding: 0 4px;\"><a style=\"color: #000; font-family: Arial,sans-serif; font-size: 14px; font-style: normal; font-weight: normal; line-height: 17px; text-decoration: none; word-wrap: break-word;\" href=\"https:\/\/www.instagram.com\/p\/BZjT-PmHayB\/\" target=\"_blank\" rel=\"noopener noreferrer nofollow\">\u00a1Amig@s! En agradecimiento a vuestro apoyo regalar\u00e9 3 gorros firmados que he utilizado en las Series Mundiales este a\u00f1o. Para participar, deja tu comentario antes del domingo 1 de Octubre y el lunes anunciar\u00e9 los tres nombres. \u00a1Suerte!<\/a><\/p>\n<p style=\"color: #c9c8cd; font-family: Arial,sans-serif; font-size: 14px; line-height: 17px; margin-bottom: 0; margin-top: 8px; overflow: hidden; padding: 8px 0 7px; text-align: center; text-overflow: ellipsis; white-space: nowrap;\">A post shared by Mario Mola D\u00edaz (@mariomola) on <time style=\"font-family: Arial,sans-serif; font-size: 14px; line-height: 17px;\" datetime=\"2017-09-27T16:49:02+00:00\">Sep 27, 2017 at 9:49am PDT<\/time><\/p>\n<\/div>\n<\/blockquote>\n<p><script async defer src=\"https:\/\/platform.instagram.com\/en_US\/embeds.js\"><\/script><\/p>\n<p>FACEBOOK<\/p>\n<hr \/>\n<p><a href=\"https:\/\/scontent-mad1-1.xx.fbcdn.net\/v\/t1.0-9\/22045655_1803127519715564_6085071257730994739_n.jpg?oh=5f9147782ed4377ecfe316c556a9c6ee&amp;oe=5A4B11F4\" rel=\"nofollow noopener\" target=\"_blank\"><img decoding=\"async\" class=\"alignleft wp-image-53831\" src=\"https:\/\/miurltemporal.com/main/triatletasenred.sport.es\/wp-content\/uploads\/sorteo-mola-775x1024.jpg\" alt=\"\" width=\"387\" height=\"511\" srcset=\"https:\/\/miurltemporal.com/main/triatletasenred.sport.es\/wp-content\/uploads\/sorteo-mola-775x1024.jpg 775w, https:\/\/miurltemporal.com/main/triatletasenred.sport.es\/wp-content\/uploads\/sorteo-mola-700x925.jpg 700w, https:\/\/miurltemporal.com/main/triatletasenred.sport.es\/wp-content\/uploads\/sorteo-mola-227x300.jpg 227w, https:\/\/miurltemporal.com/main/triatletasenred.sport.es\/wp-content\/uploads\/sorteo-mola-768x1014.jpg 768w, https:\/\/miurltemporal.com/main/triatletasenred.sport.es\/wp-content\/uploads\/sorteo-mola-300x396.jpg 300w, https:\/\/miurltemporal.com/main/triatletasenred.sport.es\/wp-content\/uploads\/sorteo-mola.jpg 1004w\" sizes=\"(max-width: 387px) 100vw, 387px\" \/><\/a><\/p>\n<p>&nbsp;<\/p>\n","protected":false},"excerpt":{"rendered":"<p>El balear ha querido agradecer el apoyo de sus seguidores y aficionados poniendo en marcha un sorteo en sus redes sociales de 3 de los gorros utilizados en Series Mundiales. La iniciactiva est\u00e1 teniendo un \u00e9xito espectacular que lleva hasta hoy m\u00e1s de 2000 participaciones en su cuenta en instagram y cifra similar en facebook. [&hellip;]<\/p>\n","protected":false},"author":1,"featured_media":53833,"comment_status":"closed","ping_status":"closed","sticky":false,"template":"","format":"standard","meta":{"_acf_changed":false,"rank_math_lock_modified_date":false,"footnotes":""},"categories":[17],"tags":[5856],"class_list":{"0":"post-53830","1":"post","2":"type-post","3":"status-publish","4":"format-standard","5":"has-post-thumbnail","7":"category-actualidad","8":"tag-sorteo-mario-mola"},"acf":[],"_links":{"self":[{"href":"https:\/\/miurltemporal.com/main/triatletasenred.sport.es\/wp-json\/wp\/v2\/posts\/53830"}],"collection":[{"href":"https:\/\/miurltemporal.com/main/triatletasenred.sport.es\/wp-json\/wp\/v2\/posts"}],"about":[{"href":"https:\/\/miurltemporal.com/main/triatletasenred.sport.es\/wp-json\/wp\/v2\/types\/post"}],"author":[{"embeddable":true,"href":"https:\/\/miurltemporal.com/main/triatletasenred.sport.es\/wp-json\/wp\/v2\/users\/1"}],"replies":[{"embeddable":true,"href":"https:\/\/miurltemporal.com/main/triatletasenred.sport.es\/wp-json\/wp\/v2\/comments?post=53830"}],"version-history":[{"count":0,"href":"https:\/\/miurltemporal.com/main/triatletasenred.sport.es\/wp-json\/wp\/v2\/posts\/53830\/revisions"}],"wp:featuredmedia":[{"embeddable":true,"href":"https:\/\/miurltemporal.com/main/triatletasenred.sport.es\/wp-json\/wp\/v2\/media\/53833"}],"wp:attachment":[{"href":"https:\/\/miurltemporal.com/main/triatletasenred.sport.es\/wp-json\/wp\/v2\/media?parent=53830"}],"wp:term":[{"taxonomy":"category","embeddable":true,"href":"https:\/\/miurltemporal.com/main/triatletasenred.sport.es\/wp-json\/wp\/v2\/categories?post=53830"},{"taxonomy":"post_tag","embeddable":true,"href":"https:\/\/miurltemporal.com/main/triatletasenred.sport.es\/wp-json\/wp\/v2\/tags?post=53830"}],"curies":[{"name":"wp","href":"https:\/\/api.w.org\/{rel}","templated":true}]}}