{"id":53828,"date":"2017-09-29T07:21:41","date_gmt":"2017-09-29T05:21:41","guid":{"rendered":"http:\/\/triatletasenred.com\/?p=53828"},"modified":"2017-09-29T07:48:38","modified_gmt":"2017-09-29T05:48:38","slug":"marcel-zamora-half-costa-brava","status":"publish","type":"post","link":"https:\/\/miurltemporal.com/main/triatletasenred.sport.es\/actualidad\/marcel-zamora-half-costa-brava\/","title":{"rendered":"Marcel Zamora vuelve a competir este s\u00e1bado en el Half Costa Brava"},"content":{"rendered":"<h3 style=\"text-align: justify;\">El catal\u00e1n Marcel Zamora vuelve a colgarse un dorsal. El lugar elegido por la leyenda de Embrun es el Half Costa Brava de 100&#215;100 Half.<\/h3>\n<p style=\"text-align: justify;\"><a href=\"https:\/\/nutrisport.es\/barritas\/199-fusion-flap.html\" rel=\"nofollow noopener\" target=\"_blank\"><img fetchpriority=\"high\" decoding=\"async\" class=\"aligncenter size-full wp-image-52568\" src=\"https:\/\/miurltemporal.com/main/triatletasenred.sport.es\/wp-content\/uploads\/FusionFlapBanner.png\" alt=\"\" width=\"700\" height=\"150\" \/><\/a><\/p>\n<p style=\"text-align: justify;\">El que quiera ser finisher deber\u00e1 superar los 1900 m acu\u00e1ticos, 90 km de bici y 21 km de carrera que integran el total del recorrido del HALF Costa Brava. Todo esto en dos modalidades de participaci\u00f3n: individual y relevos, y con un circuito atractivo, ameno y con el sello de calidad de 100 % HALF. \u00a1Vamos por partes!<\/p>\n<p style=\"text-align: justify;\">La nataci\u00f3n se desarrollar\u00e1 en la espectacular Platja d\u2019Aro, nadando paralelo al paseo mar\u00edtimo, lo que facilitar\u00e1 que los espectadores puedan seguir el transcurso del sector a nado durante todo su recorrido.<\/p>\n<p style=\"text-align: justify;\">El segmento ciclista ser\u00e1 a una vuelta y recorrer\u00e1 numerosas localidades de la geograf\u00eda catalana. Adem\u00e1s, no hay que menospreciar el relieve por donde transcurre, que exigir\u00e1 el m\u00e1ximo a los participantes, y que tiene como puntos emblem\u00e1ticos la doble subida al Coll de la Ganga y a Romany\u00e0.<\/p>\n<p style=\"text-align: justify;\">En \u00faltimo lugar, la carrera a pie, que se llevara a cabo en la V\u00eda Verde Ruta del Carrilet, con un circuito a 3 vueltas pr\u00e1cticamente llano, que premiar\u00e1 a los triatletas que gestionen bien las fuerzas en la bicicleta.<\/p>\n<p style=\"text-align: justify;\"><img decoding=\"async\" class=\"alignleft size-medium wp-image-50976\" src=\"https:\/\/miurltemporal.com/main/triatletasenred.sport.es\/wp-content\/uploads\/marcel-3-203x300.jpg\" alt=\"\" width=\"203\" height=\"300\" srcset=\"https:\/\/miurltemporal.com/main/triatletasenred.sport.es\/wp-content\/uploads\/marcel-3-203x300.jpg 203w, https:\/\/miurltemporal.com/main/triatletasenred.sport.es\/wp-content\/uploads\/marcel-3-300x443.jpg 300w, https:\/\/miurltemporal.com/main/triatletasenred.sport.es\/wp-content\/uploads\/marcel-3.jpg 440w\" sizes=\"(max-width: 203px) 100vw, 203px\" \/>Con un total de 321 triatletas en salida se presenta como la prueba id\u00f3nea para que el triatleta popular mida sus fuerzas. No obstante, encontramos a un ilustre del triatl\u00f3n nacional como Marcel Zamora. Aliciente para todos los que tengan la suerte de poder competir al lado de uno de los mejores triatletas de larga distancia de nuestro pa\u00eds.<\/p>\n<p style=\"text-align: justify;\">El barcelon\u00e9s, 5 veces campe\u00f3n del IRONMAN Niza y con hasta 6 victorias en el Embrunman (la \u00faltima el agosto pasado), decidi\u00f3 dar el paso y retirarse del triatl\u00f3n profesional, lo que no le impide seguir disfrutando del triatl\u00f3n y del deporte en general.<\/p>\n<p style=\"text-align: justify;\">Adem\u00e1s, los triatletas recibir\u00e1n una sudadera y una camiseta de la marca Bunch, sin contar con aquellos productos nutricionales y de promoci\u00f3n que la organizaci\u00f3n ofrezca en la bolsa del corredor.<\/p>\n<p style=\"text-align: justify;\">El que decida presenciar en directo el HALF Costa Brava deber\u00e1 estar en Platja d\u2019Ar\u00f3 a las 07.45, hora prevista para el inicio del sector de nataci\u00f3n.<\/p>\n<p style=\"text-align: justify;\">Si has llegado tarde a esta cita recuerda que el 15 de octubre tienes una oportunidad perfecta para cerrar la temporada: HALF Empuriabrava. \u00bfTe atreves?<\/p>\n","protected":false},"excerpt":{"rendered":"<p>El catal\u00e1n Marcel Zamora vuelve a colgarse un dorsal. El lugar elegido por la leyenda de Embrun es el Half Costa Brava de 100&#215;100 Half.<\/p>\n","protected":false},"author":294,"featured_media":50974,"comment_status":"closed","ping_status":"closed","sticky":false,"template":"","format":"standard","meta":{"_acf_changed":false,"rank_math_lock_modified_date":false,"footnotes":""},"categories":[17,2033],"tags":[3283,5517,181],"class_list":{"0":"post-53828","1":"post","2":"type-post","3":"status-publish","4":"format-standard","5":"has-post-thumbnail","7":"category-actualidad","8":"category-sport","9":"tag-diversport","10":"tag-half-costa-brava","11":"tag-marcel-zamora"},"acf":[],"_links":{"self":[{"href":"https:\/\/miurltemporal.com/main/triatletasenred.sport.es\/wp-json\/wp\/v2\/posts\/53828"}],"collection":[{"href":"https:\/\/miurltemporal.com/main/triatletasenred.sport.es\/wp-json\/wp\/v2\/posts"}],"about":[{"href":"https:\/\/miurltemporal.com/main/triatletasenred.sport.es\/wp-json\/wp\/v2\/types\/post"}],"author":[{"embeddable":true,"href":"https:\/\/miurltemporal.com/main/triatletasenred.sport.es\/wp-json\/wp\/v2\/users\/294"}],"replies":[{"embeddable":true,"href":"https:\/\/miurltemporal.com/main/triatletasenred.sport.es\/wp-json\/wp\/v2\/comments?post=53828"}],"version-history":[{"count":0,"href":"https:\/\/miurltemporal.com/main/triatletasenred.sport.es\/wp-json\/wp\/v2\/posts\/53828\/revisions"}],"wp:featuredmedia":[{"embeddable":true,"href":"https:\/\/miurltemporal.com/main/triatletasenred.sport.es\/wp-json\/wp\/v2\/media\/50974"}],"wp:attachment":[{"href":"https:\/\/miurltemporal.com/main/triatletasenred.sport.es\/wp-json\/wp\/v2\/media?parent=53828"}],"wp:term":[{"taxonomy":"category","embeddable":true,"href":"https:\/\/miurltemporal.com/main/triatletasenred.sport.es\/wp-json\/wp\/v2\/categories?post=53828"},{"taxonomy":"post_tag","embeddable":true,"href":"https:\/\/miurltemporal.com/main/triatletasenred.sport.es\/wp-json\/wp\/v2\/tags?post=53828"}],"curies":[{"name":"wp","href":"https:\/\/api.w.org\/{rel}","templated":true}]}}