{"id":53803,"date":"2017-09-29T07:30:14","date_gmt":"2017-09-29T05:30:14","guid":{"rendered":"http:\/\/triatletasenred.com\/?p=53803"},"modified":"2017-09-29T07:41:17","modified_gmt":"2017-09-29T05:41:17","slug":"tamara-gomez-paso-quirofano","status":"publish","type":"post","link":"https:\/\/miurltemporal.com/main/triatletasenred.sport.es\/actualidad\/tamara-gomez-paso-quirofano\/","title":{"rendered":"Tamara G\u00f3mez paso por el quir\u00f3fano: &#8220;Ha ido todo muy bien, ahora toca esperar&#8221;"},"content":{"rendered":"<h2 style=\"text-align: justify;\">La atleta internacional pas\u00f3 ayer por el quir\u00f3fano para resolver la\u00a0lesi\u00f3n que le dej\u00f3 fuera de combate esta temporada.<\/h2>\n<p style=\"text-align: justify;\"><a href=\"http:\/\/www.triatlonhabana.com\" rel=\"nofollow noopener\" target=\"_blank\"><img fetchpriority=\"high\" decoding=\"async\" class=\"aligncenter size-full wp-image-52865\" src=\"https:\/\/miurltemporal.com/main/triatletasenred.sport.es\/wp-content\/uploads\/banner-habana-700-1.jpg\" alt=\"\" width=\"700\" height=\"150\" \/><\/a><\/p>\n<p style=\"text-align: justify;\">Un nuevo golpe para Tamara G\u00f3mez que tuvo que decir adi\u00f3s a\u00a0la temporada por una lesi\u00f3n detectada en el mes de abril a ra\u00edz de unas molestias en los gemelos. Seg\u00fan narraba entonces nuestra querida ilicitana : &#8220;<em><strong>El diagn\u00f3stico es s\u00edndrome de atrapamiento de la arteria popl\u00edtea. El resumen es que mis arterias popl\u00edteas se comprimen cuando contraigo los gemelos, y aparte de que esto me impide hacer deporte ahora mismo, es peligroso para mi salud. Es algo que tengo de nacimiento, pero no sabemos por qu\u00e9 se ha manifestado ahora, y hay que arreglarlo. No es muy frecuente, pero me ha tocado a m\u00ed&#8221;<\/strong><\/em><\/p>\n<p style=\"text-align: justify;\">Esta semana\u00a0Tamara pas\u00f3 por el quir\u00f3fano en un primer round que la atleta de Elche ha superado con \u00e9xito. &#8220;<em><strong>Ha ido todo muy bien, incluso he podido andar un poquito esta ma\u00f1ana. Ahora toca esperar a ver como responde la pierna<\/strong><\/em>&#8220;<\/p>\n<p style=\"text-align: justify;\">Como siempre la actitud de nuestra atleta internacional es un ejemplo que nos anima a seguir admir\u00e1ndola y que sin duda le llevar\u00e1 directa al final de este t\u00fanel para volver a disfrutar de lo que m\u00e1s le gusta a Tamara, el triatl\u00f3n.<\/p>\n<p style=\"text-align: justify;\">Desde triatletasenred.com una vez m\u00e1s nuestro \u00e1nimo y apoyo incondicional y agradecerle que nos atienda en momentos tan complicados con esa sonrisa que le viene de serie a Tamara.<\/p>\n<blockquote class=\"instagram-media\" style=\"background: #FFF; border: 0; border-radius: 3px; box-shadow: 0 0 1px 0 rgba(0,0,0,0.5),0 1px 10px 0 rgba(0,0,0,0.15); margin: 1px; max-width: 458px; padding: 0; width: calc(100% - 2px);\" data-instgrm-captioned=\"\" data-instgrm-version=\"7\">\n<div style=\"padding: 8px;\">\n<div style=\"background: #F8F8F8; line-height: 0; margin-top: 40px; padding: 50.0% 0; text-align: center; width: 100%;\"><\/div>\n<p style=\"margin: 8px 0 0 0; padding: 0 4px;\"><a style=\"color: #000; font-family: Arial,sans-serif; font-size: 14px; font-style: normal; font-weight: normal; line-height: 17px; text-decoration: none; word-wrap: break-word;\" href=\"https:\/\/www.instagram.com\/p\/BZefcrKAmUN\/\" target=\"_blank\" rel=\"noopener noreferrer nofollow\">Todo listo para la primera cirug\u00eda!! \/\/ Everything ready for the first surgery <\/a><\/p>\n<p style=\"color: #c9c8cd; font-family: Arial,sans-serif; font-size: 14px; line-height: 17px; margin-bottom: 0; margin-top: 8px; overflow: hidden; padding: 8px 0 7px; text-align: center; text-overflow: ellipsis; white-space: nowrap;\">A post shared by Tamara G\u00f3mez (@tam_gomezg) on <time style=\"font-family: Arial,sans-serif; font-size: 14px; line-height: 17px;\" datetime=\"2017-09-25T19:53:07+00:00\">Sep 25, 2017 at 12:53pm PDT<\/time><\/p>\n<\/div>\n<\/blockquote>\n<p style=\"text-align: justify;\"><script async defer src=\"https:\/\/platform.instagram.com\/en_US\/embeds.js\"><\/script><\/p>\n","protected":false},"excerpt":{"rendered":"<p>La atleta internacional Tamara G\u00f3mez pas\u00f3 ayer por el quir\u00f3fano para resolver la lesi\u00f3n que le dej\u00f3 fuera de combate esta temporada.<\/p>\n","protected":false},"author":1,"featured_media":31921,"comment_status":"closed","ping_status":"closed","sticky":false,"template":"","format":"standard","meta":{"_acf_changed":false,"rank_math_lock_modified_date":false,"footnotes":""},"categories":[17,10],"tags":[2482],"class_list":{"0":"post-53803","1":"post","2":"type-post","3":"status-publish","4":"format-standard","5":"has-post-thumbnail","7":"category-actualidad","8":"category-entrevistas-triatlon","9":"tag-tamara-gomez"},"acf":[],"_links":{"self":[{"href":"https:\/\/miurltemporal.com/main/triatletasenred.sport.es\/wp-json\/wp\/v2\/posts\/53803"}],"collection":[{"href":"https:\/\/miurltemporal.com/main/triatletasenred.sport.es\/wp-json\/wp\/v2\/posts"}],"about":[{"href":"https:\/\/miurltemporal.com/main/triatletasenred.sport.es\/wp-json\/wp\/v2\/types\/post"}],"author":[{"embeddable":true,"href":"https:\/\/miurltemporal.com/main/triatletasenred.sport.es\/wp-json\/wp\/v2\/users\/1"}],"replies":[{"embeddable":true,"href":"https:\/\/miurltemporal.com/main/triatletasenred.sport.es\/wp-json\/wp\/v2\/comments?post=53803"}],"version-history":[{"count":0,"href":"https:\/\/miurltemporal.com/main/triatletasenred.sport.es\/wp-json\/wp\/v2\/posts\/53803\/revisions"}],"wp:featuredmedia":[{"embeddable":true,"href":"https:\/\/miurltemporal.com/main/triatletasenred.sport.es\/wp-json\/wp\/v2\/media\/31921"}],"wp:attachment":[{"href":"https:\/\/miurltemporal.com/main/triatletasenred.sport.es\/wp-json\/wp\/v2\/media?parent=53803"}],"wp:term":[{"taxonomy":"category","embeddable":true,"href":"https:\/\/miurltemporal.com/main/triatletasenred.sport.es\/wp-json\/wp\/v2\/categories?post=53803"},{"taxonomy":"post_tag","embeddable":true,"href":"https:\/\/miurltemporal.com/main/triatletasenred.sport.es\/wp-json\/wp\/v2\/tags?post=53803"}],"curies":[{"name":"wp","href":"https:\/\/api.w.org\/{rel}","templated":true}]}}