{"id":53492,"date":"2017-09-02T12:32:16","date_gmt":"2017-09-02T10:32:16","guid":{"rendered":"http:\/\/triatletasenred.com\/?p=53492"},"modified":"2017-09-02T20:10:12","modified_gmt":"2017-09-02T18:10:12","slug":"emilio-aguayo-ironman-70-3-lanzarote","status":"publish","type":"post","link":"https:\/\/miurltemporal.com/main/triatletasenred.sport.es\/actualidad\/emilio-aguayo-ironman-70-3-lanzarote\/","title":{"rendered":"Un espectacular Emilio Aguayo segundo en el exigente Ironman 70.3 Lanzarote"},"content":{"rendered":"<h2>Se disput\u00f3 esta ma\u00f1ana una de las pruebas m\u00e1s exigentes del circuito Ironman 70.3. Emilio Aguayo consigui\u00f3 su primer podio en el circuito internacional en una prueba que venci\u00f3 con solvencia James Cunnama.<\/h2>\n<p><a href=\"http:\/\/www.vicsports.es\/catalogo\/POWERBAR\" rel=\"nofollow noopener\" target=\"_blank\"><img fetchpriority=\"high\" decoding=\"async\" class=\"size-full wp-image-51084 aligncenter\" src=\"https:\/\/miurltemporal.com/main/triatletasenred.sport.es\/wp-content\/uploads\/Banner-New-Gel-700x150px_novedad.jpg\" alt=\"\" width=\"700\" height=\"150\"><\/a><\/p>\n<p>Emilio consigui\u00f3 el mejor parcial de nataci\u00f3n saliendo en 22:31 y tras el un grupo en el que se encontraba el tinerfe\u00f1o Ricardo Hern\u00e1ndez. Cunnama, el principal favorito perd\u00eda en este sector 22 segundos respecto a nuestro valenciano mientras que Albert Moreno sal\u00eda a poco m\u00e1s de 2 minutos en la posici\u00f3n 14\u00aa.<\/p>\n<p>En el sector de bici fue <strong>Cunnama<\/strong> quien meti\u00f3 un punto m\u00e1s para tomar el liderato de la prueba pero el empuj\u00f3n no fue suficiente para dejar atr\u00e1s a <strong>Aguayo<\/strong> que complet\u00f3 el parcial en&nbsp;2:07:41 a tan solo 1:10 segundos de <strong>Cunnama<\/strong>. En medio de los dos el germano Markus Rolli y a 11 &nbsp;minutos remontaba posiciones el catal\u00e1n <strong>Albert Moreno<\/strong>.<strong> Ricardo Hern\u00e1ndez<\/strong> por su parte completaba el sector en 14\u00aa posici\u00f3n con un parcial de&nbsp;2:19:27.<\/p>\n<p><figure style=\"width: 487px\" class=\"wp-caption aligncenter\"><img decoding=\"async\" src=\"https:\/\/pbs.twimg.com\/media\/DItjZO6XkAAYuJt.jpg:large\" alt=\"\" width=\"487\" height=\"274\"><figcaption class=\"wp-caption-text\">Cunnama intratable en Lanzarote<\/figcaption><\/figure>En la carrera a pie Cunnama no dejo lugar a la sorpresa y dej\u00f3 claras sus intenciones desde los primeros kil\u00f3metros mientras que desde el ecuador de la media marat\u00f3n se iba aclarando la pelea por el segundo puesto entre &nbsp;Rolli y Aguayo que rodaban ya a 3 minutos de diferencia respecto al sudafricano. En el km 14 la diferencia entre segundo y tercero de tan solo 20 segundos y lejos de ellos, a 5 minutos, el belga&nbsp;Kenneth&nbsp;Vandendriessche.<\/p>\n<p>Ya en el kil\u00f3metro 17 <strong>Emilio Aguayo<\/strong> alcanz\u00f3 al germano<strong> Rolli<\/strong> para quedarse con el segundo puesto en una demostraci\u00f3n clara de que nuestro valenciano tiene mucha calidad y mucho que decir entre la \u00e9lite mundial.<\/p>\n<p>As\u00ed Cunnama venc\u00eda la prueba con un tiempo final de&nbsp;3:47:07 segundo y excelente puesto para <strong>Emilio Aguayo<\/strong> a 3 minutos del vencedor y tercer puesto a tan solo 30 segundos del valenciano para el germano <strong>Rolli.<\/strong><\/p>\n<p><strong>Albert Moreno<\/strong> consigui\u00f3 con su gran carrera a pie el quinto lugar con un tiempo final de 04:00:31, mientras que <strong>Ricardo Hern\u00e1ndez<\/strong> consegu\u00eda remontar para entrar en la octava posici\u00f3n con un crono final de&nbsp;04:05:21.<\/p>\n<p>Por su parte una regular <b>Anna Noguera<\/b> finaliz\u00f3 en el Top 5 completando la prueba en una marca final de 4:35:39.<\/p>\n<p>La germana<b> Anne Haug<\/b> venci\u00f3 la prueba en 4:12:38 por delante de la brit\u00e1nica <b>Lucy Charles<\/b> y de la austr\u00edaca <b>Michaela Herlbauer.&nbsp;<\/b><\/p>\n<p>La joven <b>Anna Noguera<\/b> mejora as\u00ed notablemente su clasificaci\u00f3n en una prueba del circuito Ironman 70.3. Sin duda un golpe de motivaci\u00f3n y confianza para la de Igualada.<\/p>\n<p>&nbsp;<\/p>\n","protected":false},"excerpt":{"rendered":"<p>Se disput\u00f3 esta ma\u00f1ana una de las pruebas m\u00e1s exigentes del circuito Ironman 70.3. Emilio Aguayo consigui\u00f3 su primer podio en el circuito internacional en una prueba que venci\u00f3 con solvencia James Cunnama. Emilio consigui\u00f3 el mejor parcial de nataci\u00f3n saliendo en 22:31 y tras el un grupo en el que se encontraba el tinerfe\u00f1o [&hellip;]<\/p>\n","protected":false},"author":2,"featured_media":53494,"comment_status":"closed","ping_status":"closed","sticky":false,"template":"","format":"standard","meta":{"_acf_changed":false,"rank_math_lock_modified_date":false,"footnotes":""},"categories":[17,2033],"tags":[3044,404,686,5641],"class_list":{"0":"post-53492","1":"post","2":"type-post","3":"status-publish","4":"format-standard","5":"has-post-thumbnail","7":"category-actualidad","8":"category-sport","9":"tag-emilio-aguayo","10":"tag-ironman","11":"tag-lanzarote","12":"tag-resultados-2017"},"acf":[],"_links":{"self":[{"href":"https:\/\/miurltemporal.com/main/triatletasenred.sport.es\/wp-json\/wp\/v2\/posts\/53492"}],"collection":[{"href":"https:\/\/miurltemporal.com/main/triatletasenred.sport.es\/wp-json\/wp\/v2\/posts"}],"about":[{"href":"https:\/\/miurltemporal.com/main/triatletasenred.sport.es\/wp-json\/wp\/v2\/types\/post"}],"author":[{"embeddable":true,"href":"https:\/\/miurltemporal.com/main/triatletasenred.sport.es\/wp-json\/wp\/v2\/users\/2"}],"replies":[{"embeddable":true,"href":"https:\/\/miurltemporal.com/main/triatletasenred.sport.es\/wp-json\/wp\/v2\/comments?post=53492"}],"version-history":[{"count":0,"href":"https:\/\/miurltemporal.com/main/triatletasenred.sport.es\/wp-json\/wp\/v2\/posts\/53492\/revisions"}],"wp:featuredmedia":[{"embeddable":true,"href":"https:\/\/miurltemporal.com/main/triatletasenred.sport.es\/wp-json\/wp\/v2\/media\/53494"}],"wp:attachment":[{"href":"https:\/\/miurltemporal.com/main/triatletasenred.sport.es\/wp-json\/wp\/v2\/media?parent=53492"}],"wp:term":[{"taxonomy":"category","embeddable":true,"href":"https:\/\/miurltemporal.com/main/triatletasenred.sport.es\/wp-json\/wp\/v2\/categories?post=53492"},{"taxonomy":"post_tag","embeddable":true,"href":"https:\/\/miurltemporal.com/main/triatletasenred.sport.es\/wp-json\/wp\/v2\/tags?post=53492"}],"curies":[{"name":"wp","href":"https:\/\/api.w.org\/{rel}","templated":true}]}}