{"id":53363,"date":"2017-08-24T12:57:56","date_gmt":"2017-08-24T10:57:56","guid":{"rendered":"http:\/\/triatletasenred.com\/?p=53363"},"modified":"2017-08-24T13:06:30","modified_gmt":"2017-08-24T11:06:30","slug":"series-mundiales-estocolmo","status":"publish","type":"post","link":"https:\/\/miurltemporal.com/main/triatletasenred.sport.es\/actualidad\/series-mundiales-estocolmo\/","title":{"rendered":"La TriArmada desembarca en las Series Mundiales de Estocolmo"},"content":{"rendered":"<h3 style=\"text-align: justify;\">Vuelve el circuito de las Series Mundiales con un espectacular elenco de estrellas que se dan cita en Estocolmo este fin de semana con las ausencias destacadas de Javi G\u00f3mez Noya y Richard Murray.<\/h3>\n<p style=\"text-align: justify;\"><a href=\"http:\/\/www.triatlonhabana.com\" rel=\"nofollow noopener\" target=\"_blank\"><img fetchpriority=\"high\" decoding=\"async\" class=\"size-full wp-image-52865 aligncenter\" src=\"https:\/\/miurltemporal.com/main/triatletasenred.sport.es\/wp-content\/uploads\/banner-habana-700-1.jpg\" alt=\"\" width=\"700\" height=\"150\" \/><\/a><\/p>\n<h3 style=\"text-align: justify;\">Categor\u00eda masculina<\/h3>\n<hr \/>\n<p style=\"text-align: justify;\"><img decoding=\"async\" class=\"alignright size-medium wp-image-52976\" src=\"https:\/\/miurltemporal.com/main/triatletasenred.sport.es\/wp-content\/uploads\/img_5248-300x200.jpg\" alt=\"\" width=\"300\" height=\"200\" srcset=\"https:\/\/miurltemporal.com/main/triatletasenred.sport.es\/wp-content\/uploads\/img_5248-300x200.jpg 300w, https:\/\/miurltemporal.com/main/triatletasenred.sport.es\/wp-content\/uploads\/img_5248-700x467.jpg 700w, https:\/\/miurltemporal.com/main/triatletasenred.sport.es\/wp-content\/uploads\/img_5248-1024x683.jpg 1024w, https:\/\/miurltemporal.com/main/triatletasenred.sport.es\/wp-content\/uploads\/img_5248-768x512.jpg 768w, https:\/\/miurltemporal.com/main/triatletasenred.sport.es\/wp-content\/uploads\/img_5248-696x464.jpg 696w, https:\/\/miurltemporal.com/main/triatletasenred.sport.es\/wp-content\/uploads\/img_5248-630x420.jpg 630w, https:\/\/miurltemporal.com/main/triatletasenred.sport.es\/wp-content\/uploads\/img_5248.jpg 1050w\" sizes=\"(max-width: 300px) 100vw, 300px\" \/>Con<strong> Noya<\/strong> centrado en el asalto al mundial Ironman 70.3 como explicamos esta semana en triatletasenred.com y sumada la baja de Richard Murray en estas Series Mundiales est\u00e1 claro que nuestros representantes en categor\u00eda masculina van a intentar sumar el mayor n\u00famero de puntos posibles de cara a la \u00faltima de las pruebas<strong>. La Gran Final de Rotterdam.\u00a0<\/strong><\/p>\n<p style=\"text-align: justify;\">As\u00ed <strong>Mario Mola y Fernando Alarza<\/strong> parten como favoritos con los dorsales 1 y 2 respectivamente, adem\u00e1s del chicharrero <strong>Chente Hern\u00e1ndez<\/strong> que podr\u00eda dar la campanada en su objetivo de afianzar su top 10 en el ranquing mundial.<\/p>\n<p style=\"text-align: justify;\">Entre los rivales a tener en cuenta para estas Series Mundiales de Estocolmo esta el siempre peligroso <strong>Johny Brownlee<\/strong>, el noruego <strong>Blummenfel<\/strong>t o el sudafricano\u00a0<strong>Schoeman<\/strong>.<\/p>\n<p style=\"text-align: justify;\"><a class=\"vc_btn vc_btn-default vc_btn-sm vc_btn_square \" href=\"http:\/\/wts.triathlon.org\/start_lists\/2017_itu_world_triathlon_stockholm\/309373\" rel=\"nofollow noopener\" target=\"_blank\">SALIDA ELITE MASCULINA<\/a><\/p>\n<h3 style=\"text-align: justify;\">Categor\u00eda femenina<\/h3>\n<hr \/>\n<figure id=\"attachment_41083\" aria-describedby=\"caption-attachment-41083\" style=\"width: 300px\" class=\"wp-caption alignright\"><img decoding=\"async\" class=\"size-medium wp-image-41083\" src=\"https:\/\/miurltemporal.com/main/triatletasenred.sport.es\/wp-content\/uploads\/Anna-Godoy-ITU-300x199.jpg\" alt=\"\" width=\"300\" height=\"199\" srcset=\"https:\/\/miurltemporal.com/main/triatletasenred.sport.es\/wp-content\/uploads\/Anna-Godoy-ITU-300x199.jpg 300w, https:\/\/miurltemporal.com/main/triatletasenred.sport.es\/wp-content\/uploads\/Anna-Godoy-ITU-700x465.jpg 700w, https:\/\/miurltemporal.com/main/triatletasenred.sport.es\/wp-content\/uploads\/Anna-Godoy-ITU-768x510.jpg 768w, https:\/\/miurltemporal.com/main/triatletasenred.sport.es\/wp-content\/uploads\/Anna-Godoy-ITU-696x463.jpg 696w, https:\/\/miurltemporal.com/main/triatletasenred.sport.es\/wp-content\/uploads\/Anna-Godoy-ITU-632x420.jpg 632w, https:\/\/miurltemporal.com/main/triatletasenred.sport.es\/wp-content\/uploads\/Anna-Godoy-ITU.jpg 960w\" sizes=\"(max-width: 300px) 100vw, 300px\" \/><figcaption id=\"caption-attachment-41083\" class=\"wp-caption-text\">ITU Media<\/figcaption><\/figure>\n<p style=\"text-align: justify;\">La nota positiva para nuestro triatl\u00f3n es el regreso de <strong>Anna Godoy<\/strong> a las Series Mundiales de manera que junto a<strong> Carolina Routier<\/strong> volvemos a tener dos chicas en el pont\u00f3n de salida, aspecto que no suced\u00eda desde la prueba de Hamburgo el pasado 15 de julio.<\/p>\n<p style=\"text-align: justify;\">En esta categor\u00eda vuelve a las quinielas como favorita la actual l\u00edder del mundial\u00a0<strong>Flora Duffy <\/strong>aunque tendr\u00e1 la oposici\u00f3n de\u00a0a australiana <strong>Ashleigh Gentle<\/strong>\u00a0que ya venci\u00f3 a la actual l\u00edder en la \u00faltima prueba. Otros nombres propios que pueden luchar por la victoria con \u00a0<strong>Andrea Hewwit<\/strong>, o las norteamericanas <strong>Kristen Kasper<\/strong>\u00a0y <strong>Katie Zaferes.<\/strong><\/p>\n<p style=\"text-align: justify;\"><a class=\"vc_btn vc_btn-default vc_btn-sm vc_btn_square \" href=\"http:\/\/wts.triathlon.org\/start_lists\/2017_itu_world_triathlon_stockholm\/309374\" rel=\"nofollow noopener\" target=\"_blank\">SALIDA ELITE FEMENINA<\/a><\/p>\n<h3 style=\"text-align: justify;\">C\u00f3mo seguirlo en directo<\/h3>\n<hr \/>\n<p style=\"text-align: justify;\"><strong>Prueba femenina, s\u00e1bado 26 a las 12h<\/strong><\/p>\n<h4 style=\"text-align: justify;\"><strong>Prueba masculina, s\u00e1bado 26 a las 15h<\/strong><\/h4>\n<p style=\"text-align: justify;\"><a class=\"vc_btn vc_btn-red vc_btn-sm vc_btn_square \" href=\"http:\/\/www.rtve.es\/deportes\/mas-tdp\/directo\/\" rel=\"nofollow noopener\" target=\"_blank\">TELEDEPORTE<\/a><\/p>\n<p style=\"text-align: justify;\"><a class=\"vc_btn vc_btn-red vc_btn-sm vc_btn_square \" href=\"http:\/\/www.crtvg.es\/deportes\/directo\/canle\/champions\" rel=\"nofollow noopener\" target=\"_blank\">Televisi\u00f3n Galega<\/a><\/p>\n<p style=\"text-align: justify;\"><a class=\"vc_btn vc_btn-red vc_btn-sm vc_btn_square \" href=\"https:\/\/triathlonlive.tv\/\" rel=\"nofollow noopener\" target=\"_blank\">Triathlon Live (de pago) <\/a><\/p>\n<p>&nbsp;<\/p>\n","protected":false},"excerpt":{"rendered":"<p>Vuelve el circuito de las Series Mundiales con un espectacular elenco de estrellas que se dan cita en Estocolmo este fin de semana con las ausencias destacadas de Javi G\u00f3mez Noya y Richard Murray. Categor\u00eda masculina Con Noya centrado en el asalto al mundial Ironman 70.3 como explicamos esta semana en triatletasenred.com y sumada la [&hellip;]<\/p>\n","protected":false},"author":2,"featured_media":52992,"comment_status":"closed","ping_status":"closed","sticky":false,"template":"","format":"standard","meta":{"_acf_changed":false,"rank_math_lock_modified_date":false,"footnotes":""},"categories":[17,2033],"tags":[299,2421,4473],"class_list":{"0":"post-53363","1":"post","2":"type-post","3":"status-publish","4":"format-standard","5":"has-post-thumbnail","7":"category-actualidad","8":"category-sport","9":"tag-anna-godoy","10":"tag-estocolmo","11":"tag-series-mundiales"},"acf":[],"_links":{"self":[{"href":"https:\/\/miurltemporal.com/main/triatletasenred.sport.es\/wp-json\/wp\/v2\/posts\/53363"}],"collection":[{"href":"https:\/\/miurltemporal.com/main/triatletasenred.sport.es\/wp-json\/wp\/v2\/posts"}],"about":[{"href":"https:\/\/miurltemporal.com/main/triatletasenred.sport.es\/wp-json\/wp\/v2\/types\/post"}],"author":[{"embeddable":true,"href":"https:\/\/miurltemporal.com/main/triatletasenred.sport.es\/wp-json\/wp\/v2\/users\/2"}],"replies":[{"embeddable":true,"href":"https:\/\/miurltemporal.com/main/triatletasenred.sport.es\/wp-json\/wp\/v2\/comments?post=53363"}],"version-history":[{"count":0,"href":"https:\/\/miurltemporal.com/main/triatletasenred.sport.es\/wp-json\/wp\/v2\/posts\/53363\/revisions"}],"wp:featuredmedia":[{"embeddable":true,"href":"https:\/\/miurltemporal.com/main/triatletasenred.sport.es\/wp-json\/wp\/v2\/media\/52992"}],"wp:attachment":[{"href":"https:\/\/miurltemporal.com/main/triatletasenred.sport.es\/wp-json\/wp\/v2\/media?parent=53363"}],"wp:term":[{"taxonomy":"category","embeddable":true,"href":"https:\/\/miurltemporal.com/main/triatletasenred.sport.es\/wp-json\/wp\/v2\/categories?post=53363"},{"taxonomy":"post_tag","embeddable":true,"href":"https:\/\/miurltemporal.com/main/triatletasenred.sport.es\/wp-json\/wp\/v2\/tags?post=53363"}],"curies":[{"name":"wp","href":"https:\/\/api.w.org\/{rel}","templated":true}]}}