{"id":53334,"date":"2023-06-08T06:50:24","date_gmt":"2023-06-08T04:50:24","guid":{"rendered":"http:\/\/triatletasenred.com\/?p=53334"},"modified":"2023-06-08T11:17:48","modified_gmt":"2023-06-08T09:17:48","slug":"sigues-motivado-pesar-del-calor-pautas-no-bajar-la-guardia","status":"publish","type":"post","link":"https:\/\/miurltemporal.com/main/triatletasenred.sport.es\/en-red\/sigues-motivado-pesar-del-calor-pautas-no-bajar-la-guardia\/","title":{"rendered":"\u00bfEl calor te pasa factura?  Pautas para no bajar tu motivaci\u00f3n en verano"},"content":{"rendered":"<h3 style=\"text-align: justify;\">Algunos triatletas han planificado la temporada para finalizar en Julio y as\u00ed hacer coincidir sus vacaciones o la \u00e9poca de m\u00e1s calor, con un entrenamiento menos exigente, o incluso un par\u00f3n deportivo. Muchos de estos se plantear\u00e1n algunos triatlones m\u00e1s adelante que ya no ser\u00e1n objetivos importantes, u otros ya cerrar\u00e1n la temporada triatl\u00e9tica completamente e iniciar\u00e1n tras el par\u00f3n sus entrenos de base o priorizando otros deportes<\/h3>\n<p style=\"text-align: justify;\"><a href=\"https:\/\/zone3.es\" rel=\"nofollow noopener\" target=\"_blank\"><img fetchpriority=\"high\" decoding=\"async\" class=\"aligncenter size-full wp-image-83185\" src=\"https:\/\/miurltemporal.com/main/triatletasenred.sport.es\/wp-content\/uploads\/banner-zone3_ter.jpg\" alt=\"\" width=\"2188\" height=\"469\" srcset=\"https:\/\/miurltemporal.com/main/triatletasenred.sport.es\/wp-content\/uploads\/banner-zone3_ter.jpg 2188w, https:\/\/miurltemporal.com/main/triatletasenred.sport.es\/wp-content\/uploads\/banner-zone3_ter-700x150.jpg 700w, https:\/\/miurltemporal.com/main/triatletasenred.sport.es\/wp-content\/uploads\/banner-zone3_ter-300x64.jpg 300w, https:\/\/miurltemporal.com/main/triatletasenred.sport.es\/wp-content\/uploads\/banner-zone3_ter-1024x219.jpg 1024w, https:\/\/miurltemporal.com/main/triatletasenred.sport.es\/wp-content\/uploads\/banner-zone3_ter-768x165.jpg 768w, https:\/\/miurltemporal.com/main/triatletasenred.sport.es\/wp-content\/uploads\/banner-zone3_ter-1536x329.jpg 1536w, https:\/\/miurltemporal.com/main/triatletasenred.sport.es\/wp-content\/uploads\/banner-zone3_ter-2048x439.jpg 2048w, https:\/\/miurltemporal.com/main/triatletasenred.sport.es\/wp-content\/uploads\/banner-zone3_ter-696x149.jpg 696w, https:\/\/miurltemporal.com/main/triatletasenred.sport.es\/wp-content\/uploads\/banner-zone3_ter-1068x229.jpg 1068w, https:\/\/miurltemporal.com/main/triatletasenred.sport.es\/wp-content\/uploads\/banner-zone3_ter-1920x412.jpg 1920w, https:\/\/miurltemporal.com/main/triatletasenred.sport.es\/wp-content\/uploads\/banner-zone3_ter-1959x420.jpg 1959w, https:\/\/miurltemporal.com/main/triatletasenred.sport.es\/wp-content\/uploads\/banner-zone3_ter-1320x283.jpg 1320w\" sizes=\"(max-width: 2188px) 100vw, 2188px\" \/><\/a><\/p>\n<p style=\"text-align: justify;\" align=\"justify\">A otros todav\u00eda les quedan objetivos importantes entre agosto y octubre. Tras una temporada larga, sobretodo si iniciaron la competici\u00f3n desde los duatlones, han participado en muchas carreras o lo han hecho con mucha exigencia, y con las altas temperaturas, necesitar\u00e1n m\u00e1s que nunca tirar de su motivaci\u00f3n b\u00e1sica, que deber\u00e1n cuidar y mantener fuerte. La importancia de esta motivaci\u00f3n ya pudimos verla en art\u00edculos previos, pero aqu\u00ed explicar\u00e9 c\u00f3mo trabajarla un poco m\u00e1s.<\/p>\n<p style=\"text-align: justify;\" align=\"justify\">La motivaci\u00f3n b\u00e1sica es el verdadero motivo por el que practicamos triatl\u00f3n, la que nos hace estar comprometidos con cada entreno, con el estilo de vida que deberemos llevar para conseguir lo que queremos. Sentirnos muy motivados por razones externas como \u201c<strong>hago triatl\u00f3n porque mi pareja hace\u201d<\/strong> \u201c<strong>lo hago para demostrar que\u2026<\/strong>\u201d \u201c<strong>lo hago porque me dan\u2026<\/strong>\u201d puede hacer que cuando alguna de estas cosas cae, tambi\u00e9n caigan nuestras ganas entrenar. Sufrir en los entrenos para \u00bfqu\u00e9? \u00bfMadrugar? \u00bfComerme 1000 codazos? \u00bfGastarme el dinero en fisios porque cada dos por tres me duele algo?<\/p>\n<p style=\"text-align: justify;\" align=\"justify\">Una motivaci\u00f3n fuerte y estable ser\u00e1 aquella que tenga un verdadero significado para nuestra persona. Pero no solo basta con esto. Como en el amor, tenemos que irla mimando d\u00eda a d\u00eda, para que la balanza se incline siempre un poco m\u00e1s hacia lo que nos compensa de entrenar y competir a pesar de las dificultades y el cansancio.<\/p>\n<h3 style=\"text-align: justify;\" align=\"justify\">C\u00f3mo cuidar tu motivaci\u00f3n<\/h3>\n<hr \/>\n<ul style=\"text-align: justify;\">\n<li>\n<p align=\"justify\">Revisa si lo que quieres conseguir es ambicioso pero viable, si tienes apoyos o te encontrar\u00e1s muchas dificultades a tu alrededor. Tener confianza en que puedes hacerlo ayudar\u00e1 a mantener tu confianza.<\/p>\n<\/li>\n<li>\n<p align=\"justify\">El &#8220;coste a pagar&#8221;. Saber d\u00f3nde est\u00e1s y qu\u00e9 implica lo que quieres conseguir, ser\u00e1 un punto clave. \u00bfEres responsable de tus decisiones?<\/p>\n<\/li>\n<li>\n<p align=\"justify\">Busca objetivos d\u00eda a d\u00eda centrados en ti, en tu mejora, en tus sensaciones, que hagan que cada entreno resulte al final exitoso y gratificante.<\/p>\n<\/li>\n<li>\n<p align=\"justify\">Las expectativas juegan un papel fundamental en c\u00f3mo vives cada entreno y cada resultado. Por ello conocerte bien y marcarte bien los objetivos ser\u00e1 tan importante.<\/p>\n<\/li>\n<li>\n<p align=\"justify\">Recompensas: pr\u00e9miate por cada objetivo cumplido. Complementa con algunas motivaciones externas, peque\u00f1os premios m\u00e1s o menos simb\u00f3licos que hagan atractivo conseguir cada paso.<\/p>\n<\/li>\n<li>\n<p align=\"justify\">\u00a1Actitud positiva! Seguramente nadie te est\u00e1 obligando a hacer nada, as\u00ed que v\u00edvelo como una elecci\u00f3n. Est\u00e1s haciendo lo que quieres para lo que quieres<\/p>\n<\/li>\n<li>\n<p align=\"justify\">Piensa en el para qu\u00e9 lo haces. Qu\u00e9 te ha llevado a empezar y lo que quieres obtener al final. \u00bfQu\u00e9 necesidades est\u00e1s cubriendo con el triatl\u00f3n y\/o con la prueba objetivo en particular ?\u00bfCu\u00e1les ser\u00e1n las consecuencias (sobretodo las emocionales) de no cumplir con lo que quer\u00edas por no haber hecho lo que ten\u00edas que hacer?<\/p>\n<\/li>\n<\/ul>\n<hr \/>\n<div class=\"youtube-embed\" data-video_id=\"lnZngW3QugM\"><iframe title=\"\u00bfHablamos de la TIA de la PANCARTA del Tour de Francia?\" width=\"696\" height=\"392\" src=\"https:\/\/www.youtube.com\/embed\/lnZngW3QugM?start=35&#038;feature=oembed\" frameborder=\"0\" allow=\"accelerometer; autoplay; clipboard-write; encrypted-media; gyroscope; picture-in-picture; web-share\" allowfullscreen><\/iframe><\/div>\n","protected":false},"excerpt":{"rendered":"<p>Algunos triatletas han planificado la temporada para finalizar en Julio y as\u00ed hacer coincidir sus vacaciones o la \u00e9poca de m\u00e1s calor, con un entrenamiento menos exigente, o incluso un par\u00f3n deportivo. Muchos de estos se plantear\u00e1n algunos triatlones m\u00e1s adelante que ya no ser\u00e1n objetivos importantes, u otros ya cerrar\u00e1n la temporada triatl\u00e9tica completamente [&hellip;]<\/p>\n","protected":false},"author":1,"featured_media":71423,"comment_status":"closed","ping_status":"closed","sticky":false,"template":"","format":"standard","meta":{"_acf_changed":false,"rank_math_lock_modified_date":false,"footnotes":""},"categories":[17,16],"tags":[3502,892],"class_list":{"0":"post-53334","1":"post","2":"type-post","3":"status-publish","4":"format-standard","5":"has-post-thumbnail","7":"category-actualidad","8":"category-en-red","9":"tag-ola-de-calor","10":"tag-verano"},"acf":[],"_links":{"self":[{"href":"https:\/\/miurltemporal.com/main/triatletasenred.sport.es\/wp-json\/wp\/v2\/posts\/53334"}],"collection":[{"href":"https:\/\/miurltemporal.com/main/triatletasenred.sport.es\/wp-json\/wp\/v2\/posts"}],"about":[{"href":"https:\/\/miurltemporal.com/main/triatletasenred.sport.es\/wp-json\/wp\/v2\/types\/post"}],"author":[{"embeddable":true,"href":"https:\/\/miurltemporal.com/main/triatletasenred.sport.es\/wp-json\/wp\/v2\/users\/1"}],"replies":[{"embeddable":true,"href":"https:\/\/miurltemporal.com/main/triatletasenred.sport.es\/wp-json\/wp\/v2\/comments?post=53334"}],"version-history":[{"count":1,"href":"https:\/\/miurltemporal.com/main/triatletasenred.sport.es\/wp-json\/wp\/v2\/posts\/53334\/revisions"}],"predecessor-version":[{"id":83437,"href":"https:\/\/miurltemporal.com/main/triatletasenred.sport.es\/wp-json\/wp\/v2\/posts\/53334\/revisions\/83437"}],"wp:featuredmedia":[{"embeddable":true,"href":"https:\/\/miurltemporal.com/main/triatletasenred.sport.es\/wp-json\/wp\/v2\/media\/71423"}],"wp:attachment":[{"href":"https:\/\/miurltemporal.com/main/triatletasenred.sport.es\/wp-json\/wp\/v2\/media?parent=53334"}],"wp:term":[{"taxonomy":"category","embeddable":true,"href":"https:\/\/miurltemporal.com/main/triatletasenred.sport.es\/wp-json\/wp\/v2\/categories?post=53334"},{"taxonomy":"post_tag","embeddable":true,"href":"https:\/\/miurltemporal.com/main/triatletasenred.sport.es\/wp-json\/wp\/v2\/tags?post=53334"}],"curies":[{"name":"wp","href":"https:\/\/api.w.org\/{rel}","templated":true}]}}