{"id":53113,"date":"2017-08-08T02:58:21","date_gmt":"2017-08-08T00:58:21","guid":{"rendered":"http:\/\/triatletasenred.com\/?p=53113"},"modified":"2017-08-08T03:02:06","modified_gmt":"2017-08-08T01:02:06","slug":"video-revive-los-mejores-momentos-la-victoria-leyenda-gomez-noya-montreal","status":"publish","type":"post","link":"https:\/\/miurltemporal.com/main/triatletasenred.sport.es\/actualidad\/video-revive-los-mejores-momentos-la-victoria-leyenda-gomez-noya-montreal\/","title":{"rendered":"[VIDEO] Revive los mejores momentos de la victoria de &#8220;Leyenda&#8221; G\u00f3mez Noya en Montreal"},"content":{"rendered":"<h3>La ITU acaba de publicar el video-resumen con los mejores momentos de\u00a0la jornada disputada en Montreal en la que &#8220;Leyenda&#8221; G\u00f3mez Noya marco las diferencias.<\/h3>\n<p><a href=\"http:\/\/www.younextbike.com\" rel=\"nofollow noopener\" target=\"_blank\"><img fetchpriority=\"high\" decoding=\"async\" class=\"aligncenter size-large wp-image-53023\" src=\"https:\/\/miurltemporal.com/main/triatletasenred.sport.es\/wp-content\/uploads\/YounextBike_triatletas_700x150px-1024x219.jpg\" alt=\"\" width=\"702\" height=\"150\" srcset=\"https:\/\/miurltemporal.com/main/triatletasenred.sport.es\/wp-content\/uploads\/YounextBike_triatletas_700x150px-1024x219.jpg 1024w, https:\/\/miurltemporal.com/main/triatletasenred.sport.es\/wp-content\/uploads\/YounextBike_triatletas_700x150px-700x150.jpg 700w, https:\/\/miurltemporal.com/main/triatletasenred.sport.es\/wp-content\/uploads\/YounextBike_triatletas_700x150px-300x64.jpg 300w, https:\/\/miurltemporal.com/main/triatletasenred.sport.es\/wp-content\/uploads\/YounextBike_triatletas_700x150px-768x165.jpg 768w, https:\/\/miurltemporal.com/main/triatletasenred.sport.es\/wp-content\/uploads\/YounextBike_triatletas_700x150px.jpg 1984w\" sizes=\"(max-width: 702px) 100vw, 702px\" \/><\/a><\/p>\n<p><a href=\"https:\/\/www.skechers.com\/es-es\/styles\/shoes\/performance?category=%2Fshoes%2Fperformance%2Fgorun\" rel=\"nofollow noopener\" target=\"_blank\"><img decoding=\"async\" class=\"alignright wp-image-50578 size-full no-display appear\" src=\"https:\/\/miurltemporal.com/main/triatletasenred.sport.es\/wp-content\/uploads\/SKXP25186_IM_digital__social_banners_970x90.jpg\" sizes=\"(max-width: 970px) 100vw, 970px\" srcset=\"https:\/\/miurltemporal.com/main/triatletasenred.sport.es\/wp-content\/uploads\/SKXP25186_IM_digital__social_banners_970x90.jpg 970w, https:\/\/miurltemporal.com/main/triatletasenred.sport.es\/wp-content\/uploads\/SKXP25186_IM_digital__social_banners_970x90-300x28.jpg 300w, https:\/\/miurltemporal.com/main/triatletasenred.sport.es\/wp-content\/uploads\/SKXP25186_IM_digital__social_banners_970x90-768x71.jpg 768w, https:\/\/miurltemporal.com/main/triatletasenred.sport.es\/wp-content\/uploads\/SKXP25186_IM_digital__social_banners_970x90-600x56.jpg 600w, https:\/\/miurltemporal.com/main/triatletasenred.sport.es\/wp-content\/uploads\/SKXP25186_IM_digital__social_banners_970x90-80x7.jpg 80w, https:\/\/miurltemporal.com/main/triatletasenred.sport.es\/wp-content\/uploads\/SKXP25186_IM_digital__social_banners_970x90-700x65.jpg 700w\" alt=\"https:\/\/www.skechers.com\/es-es\/styles\/shoes\/performance?category=%2Fshoes%2Fperformance%2Fgorun\" width=\"970\" height=\"90\" \/><\/a><\/p>\n<p>Trabajad\u00edsima victoria de Javi G\u00f3mez Noya\u00a0que recupera el n\u00famero 2 de las Series Mundiales tras imponerse con autoridad en estas Series Mundiales de Montreal. Mario Mola termin\u00f3 14\u00ba \u00a0pagando caro el esfuerzo De nuevo la nota negativa para <strong>Alarza,<\/strong> que esta vez vio como unos problemas mec\u00e1nicos en la bici le dejaban fuera de los puestos de podio de carrera a pesar de mantener el liderato de las Series Mundiales.<\/p>\n<a class=\"vc_btn vc_btn-default vc_btn-sm vc_btn_square \" href=\"https:\/\/miurltemporal.com/main/triatletasenred.sport.es\/actualidad\/gomez-noya-montreal\/\">Cr\u00f3nica completa<\/a>\n<p>En f\u00e9minas\u00a0nuestra <strong>Carol Routier<\/strong> termin\u00f3 en un 20\u00ba puesto en una carrera\u00a0que venci\u00f3 <strong>Ashley\u00a0Gentle<\/strong><b>\u00a0<\/b>con 23 segundos de ventaja sobre la l\u00edder del mundial,\u00a0\u00a0<strong>Flora Duffy.<\/strong> Tercer puesto del caj\u00f3n fue para \u00a0<strong>Andrea Hewitt<\/strong><\/p>\n<p>[embedyt] https:\/\/www.youtube.com\/watch?v=WrmpAZzGt_w[\/embedyt]<\/p>\n","protected":false},"excerpt":{"rendered":"<p>La ITU acaba de publicar el video-resumen con los mejores momentos de\u00a0la jornada disputada en Montreal en la que &#8220;Leyenda&#8221; G\u00f3mez Noya marco las diferencias. Trabajad\u00edsima victoria de Javi G\u00f3mez Noya\u00a0que recupera el n\u00famero 2 de las Series Mundiales tras imponerse con autoridad en estas Series Mundiales de Montreal. Mario Mola termin\u00f3 14\u00ba \u00a0pagando caro [&hellip;]<\/p>\n","protected":false},"author":2,"featured_media":49443,"comment_status":"closed","ping_status":"closed","sticky":false,"template":"","format":"standard","meta":{"_acf_changed":false,"rank_math_lock_modified_date":false,"footnotes":""},"categories":[17,2033],"tags":[2742,5290,4473,1782],"class_list":{"0":"post-53113","1":"post","2":"type-post","3":"status-publish","4":"format-standard","5":"has-post-thumbnail","7":"category-actualidad","8":"category-sport","9":"tag-montreal","10":"tag-noya","11":"tag-series-mundiales","12":"tag-video"},"acf":[],"_links":{"self":[{"href":"https:\/\/miurltemporal.com/main/triatletasenred.sport.es\/wp-json\/wp\/v2\/posts\/53113"}],"collection":[{"href":"https:\/\/miurltemporal.com/main/triatletasenred.sport.es\/wp-json\/wp\/v2\/posts"}],"about":[{"href":"https:\/\/miurltemporal.com/main/triatletasenred.sport.es\/wp-json\/wp\/v2\/types\/post"}],"author":[{"embeddable":true,"href":"https:\/\/miurltemporal.com/main/triatletasenred.sport.es\/wp-json\/wp\/v2\/users\/2"}],"replies":[{"embeddable":true,"href":"https:\/\/miurltemporal.com/main/triatletasenred.sport.es\/wp-json\/wp\/v2\/comments?post=53113"}],"version-history":[{"count":0,"href":"https:\/\/miurltemporal.com/main/triatletasenred.sport.es\/wp-json\/wp\/v2\/posts\/53113\/revisions"}],"wp:featuredmedia":[{"embeddable":true,"href":"https:\/\/miurltemporal.com/main/triatletasenred.sport.es\/wp-json\/wp\/v2\/media\/49443"}],"wp:attachment":[{"href":"https:\/\/miurltemporal.com/main/triatletasenred.sport.es\/wp-json\/wp\/v2\/media?parent=53113"}],"wp:term":[{"taxonomy":"category","embeddable":true,"href":"https:\/\/miurltemporal.com/main/triatletasenred.sport.es\/wp-json\/wp\/v2\/categories?post=53113"},{"taxonomy":"post_tag","embeddable":true,"href":"https:\/\/miurltemporal.com/main/triatletasenred.sport.es\/wp-json\/wp\/v2\/tags?post=53113"}],"curies":[{"name":"wp","href":"https:\/\/api.w.org\/{rel}","templated":true}]}}