{"id":52908,"date":"2017-07-26T05:17:55","date_gmt":"2017-07-26T03:17:55","guid":{"rendered":"http:\/\/triatletasenred.com\/?p=52908"},"modified":"2017-07-26T21:04:16","modified_gmt":"2017-07-26T19:04:16","slug":"santander-triathlon-series-port-tarragona-clasico-agosto","status":"publish","type":"post","link":"https:\/\/miurltemporal.com/main/triatletasenred.sport.es\/en-red\/santander-triathlon-series-port-tarragona-clasico-agosto\/","title":{"rendered":"Santander Triathlon Series Port De Tarragona, un cl\u00e1sico de agosto"},"content":{"rendered":"<h4>Tarragona y su v\u00ednculo con el deporte del triatl\u00f3n suman este 5 de agosto una nueva muesca que nos regala a los triatletas populares una oportunidad de competir en una gran ciudad en alguna de las muchas modalidades que presenta el circuito de las Santander Triathlon Series.<\/h4>\n<p><a href=\"http:\/\/etixx.es\" rel=\"nofollow noopener\" target=\"_blank\"><img fetchpriority=\"high\" decoding=\"async\" class=\"size-full wp-image-50332 aligncenter\" src=\"https:\/\/miurltemporal.com/main/triatletasenred.sport.es\/wp-content\/uploads\/etixx750x100.jpg\" alt=\"\" width=\"750\" height=\"100\" srcset=\"https:\/\/miurltemporal.com/main/triatletasenred.sport.es\/wp-content\/uploads\/etixx750x100.jpg 750w, https:\/\/miurltemporal.com/main/triatletasenred.sport.es\/wp-content\/uploads\/etixx750x100-700x93.jpg 700w, https:\/\/miurltemporal.com/main/triatletasenred.sport.es\/wp-content\/uploads\/etixx750x100-300x40.jpg 300w, https:\/\/miurltemporal.com/main/triatletasenred.sport.es\/wp-content\/uploads\/etixx750x100-600x80.jpg 600w, https:\/\/miurltemporal.com/main/triatletasenred.sport.es\/wp-content\/uploads\/etixx750x100-80x11.jpg 80w\" sizes=\"(max-width: 750px) 100vw, 750px\" \/><\/a><\/p>\n<p>El triatl\u00f3n dej\u00f3 de ser hace tiempo un deporte exclusivo y poco cercano al deportista popular en gran parte por iniciativas como este circuito de las Santander Triathlon Series que, sin renunciar a dar el mejor servicio a los exigentes y m\u00e1s experimentados triatletas, han puesto todas las facilidades para acercar el tri a todos los p\u00fablicos.<\/p>\n<p>Un ejemplo claro lo viviremos este pr\u00f3ximo 5 de agosto en la siguiente parada del prol\u00edfico circuito en el <strong>Triatl\u00f3 Port De Tarragona<\/strong> con una prueba que pondr\u00e1 a prueba a los m\u00e1s doctos del lugar con unos circuitos r\u00e1pidos y sin respiro a la par que ser\u00e1n un buen escenario para aquellos cuyo objetivo sea participar, mejorar sus sensaciones o, por qu\u00e9 no debutar en la <strong>imperial Tarraco<\/strong>.<\/p>\n<p>La prueba se desarrolla en el Puerto de la ciudad con una nataci\u00f3n a una o dos vueltas seg\u00fan tu distancia, <strong>un recorrido r\u00e1pido y llano<\/strong> en dos o 4 vueltas y una carrera a pie (2 o 4 vueltas) \u00a0igualmente r\u00e1pida con alg\u00fan tramo puntual que pondr\u00e1 a prueba tu forma f\u00edsica y lo har\u00e1 m\u00e1s &#8220;divertido&#8221;.<\/p>\n<p>El abanico de\u00a0distancias o modalidades ofrece posibilidades distintas para participar desde los habituales<strong> supersprint, sprint o ol\u00edmpico pasando por el acuatl\u00f3n o las versiones por parejas que dan un toque diferente a la participaci\u00f3n.\u00a0<\/strong><\/p>\n<p>El c\u00f3ctel est\u00e1 servido y ahora solo falta que pongas tu foco en las murallas de Tarragona y aproveches el triatl\u00f3n para visitar una ciudad con un pasado y una historia impresionante y un presente ligado al triatl\u00f3n.<\/p>\n<p>\u00a1Nos vemos el 5 de agosto!<\/p>\n<a class=\"vc_btn vc_btn-default vc_btn-sm vc_btn_square \" href=\"http:\/\/www.santandertriathlonseries.com\/tarragona\/\" rel=\"nofollow noopener\" target=\"_blank\">INFORMACI\u00d3N E INSCRIPCIONES<\/a>\n<p><img decoding=\"async\" class=\"aligncenter size-full\" src=\"http:\/\/www.santandertriathlonseries.com\/img\/slider\/tarragona-santander-triathlonseries-5.jpg\" width=\"1500\" height=\"438\" \/><\/p>\n<p>&nbsp;<\/p>\n<p>&nbsp;<\/p>\n<p>&nbsp;<\/p>\n","protected":false},"excerpt":{"rendered":"<p>Tarragona y su v\u00ednculo con el deporte del triatl\u00f3n suman este 5 de agosto una nueva muesca que nos regala a los triatletas populares una oportunidad de competir en una gran ciudad en alguna de las muchas modalidades que presenta el circuito de las Santander Triathlon Series. El triatl\u00f3n dej\u00f3 de ser hace tiempo un [&hellip;]<\/p>\n","protected":false},"author":2,"featured_media":50922,"comment_status":"closed","ping_status":"closed","sticky":false,"template":"","format":"standard","meta":{"_acf_changed":false,"rank_math_lock_modified_date":false,"footnotes":""},"categories":[16,2033],"tags":[5752,4397,944],"class_list":{"0":"post-52908","1":"post","2":"type-post","3":"status-publish","4":"format-standard","5":"has-post-thumbnail","7":"category-en-red","8":"category-sport","9":"tag-port-de-tarragona","10":"tag-santander-triathlon-series","11":"tag-tarragona"},"acf":[],"_links":{"self":[{"href":"https:\/\/miurltemporal.com/main/triatletasenred.sport.es\/wp-json\/wp\/v2\/posts\/52908"}],"collection":[{"href":"https:\/\/miurltemporal.com/main/triatletasenred.sport.es\/wp-json\/wp\/v2\/posts"}],"about":[{"href":"https:\/\/miurltemporal.com/main/triatletasenred.sport.es\/wp-json\/wp\/v2\/types\/post"}],"author":[{"embeddable":true,"href":"https:\/\/miurltemporal.com/main/triatletasenred.sport.es\/wp-json\/wp\/v2\/users\/2"}],"replies":[{"embeddable":true,"href":"https:\/\/miurltemporal.com/main/triatletasenred.sport.es\/wp-json\/wp\/v2\/comments?post=52908"}],"version-history":[{"count":0,"href":"https:\/\/miurltemporal.com/main/triatletasenred.sport.es\/wp-json\/wp\/v2\/posts\/52908\/revisions"}],"wp:featuredmedia":[{"embeddable":true,"href":"https:\/\/miurltemporal.com/main/triatletasenred.sport.es\/wp-json\/wp\/v2\/media\/50922"}],"wp:attachment":[{"href":"https:\/\/miurltemporal.com/main/triatletasenred.sport.es\/wp-json\/wp\/v2\/media?parent=52908"}],"wp:term":[{"taxonomy":"category","embeddable":true,"href":"https:\/\/miurltemporal.com/main/triatletasenred.sport.es\/wp-json\/wp\/v2\/categories?post=52908"},{"taxonomy":"post_tag","embeddable":true,"href":"https:\/\/miurltemporal.com/main/triatletasenred.sport.es\/wp-json\/wp\/v2\/tags?post=52908"}],"curies":[{"name":"wp","href":"https:\/\/api.w.org\/{rel}","templated":true}]}}