{"id":52542,"date":"2017-07-05T00:18:46","date_gmt":"2017-07-04T22:18:46","guid":{"rendered":"http:\/\/triatletasenred.com\/?p=52542"},"modified":"2017-07-05T00:34:13","modified_gmt":"2017-07-04T22:34:13","slug":"ironman-frankfurt-resultados2017","status":"publish","type":"post","link":"https:\/\/miurltemporal.com/main/triatletasenred.sport.es\/actualidad\/ironman-frankfurt-resultados2017\/","title":{"rendered":"M\u00e1s de 200 triatletas espa\u00f1oles invaden Frankfurt este fin de semana"},"content":{"rendered":"<h3>El motor y el ajetreo propio de una ciudad de negocios\u00a0ser\u00e1 sustituido\u00a0durante el pr\u00f3ximo fin de semana por las cabras, lenticulares y neoprenos varios.\u00a0En \u00a0Frankfurtse dar\u00e1 cita la celebraci\u00f3n del imponente Campeonato de Europa de IRONMAN.<\/h3>\n<p><img fetchpriority=\"high\" decoding=\"async\" class=\"aligncenter size-full wp-image-50578\" src=\"https:\/\/miurltemporal.com/main/triatletasenred.sport.es\/wp-content\/uploads\/SKXP25186_IM_digital__social_banners_970x90.jpg\" alt=\"\" width=\"970\" height=\"90\" \/><\/p>\n<p>Entre nuestros representantes en \u00e9lite destaca la presencia del mallorqu\u00edn <strong>Carlos L\u00f3pez<\/strong> a la caza\u00a0de los puntos para meterse por primera vez en un Campeonato del Mundo. Temporada irregular para el atleta de Benissalem que busca en Frankfurt la estocada final.<\/p>\n<p><img decoding=\"async\" class=\"alignleft size-medium wp-image-52479\" src=\"https:\/\/miurltemporal.com/main/triatletasenred.sport.es\/wp-content\/uploads\/carlos-lopez-2xu-300x175.jpg\" alt=\"\" width=\"300\" height=\"175\" srcset=\"https:\/\/miurltemporal.com/main/triatletasenred.sport.es\/wp-content\/uploads\/carlos-lopez-2xu-300x175.jpg 300w, https:\/\/miurltemporal.com/main/triatletasenred.sport.es\/wp-content\/uploads\/carlos-lopez-2xu-700x409.jpg 700w, https:\/\/miurltemporal.com/main/triatletasenred.sport.es\/wp-content\/uploads\/carlos-lopez-2xu-768x448.jpg 768w, https:\/\/miurltemporal.com/main/triatletasenred.sport.es\/wp-content\/uploads\/carlos-lopez-2xu-696x406.jpg 696w, https:\/\/miurltemporal.com/main/triatletasenred.sport.es\/wp-content\/uploads\/carlos-lopez-2xu-719x420.jpg 719w, https:\/\/miurltemporal.com/main/triatletasenred.sport.es\/wp-content\/uploads\/carlos-lopez-2xu.jpg 800w\" sizes=\"(max-width: 300px) 100vw, 300px\" \/>Vuelve al ruedo <strong>Clemente Alonso<\/strong>, seg\u00fan comentaba en sus redes sociales no en el punto que le gustar\u00eda pero sin duda Clemente es capaz de lo mejor y por qu\u00e9 no volver a aplaudir zapas en mano entrando como primero en la plaza del centro de la ciudad germana. Su hermano <strong>Michael Alonso<\/strong> tambi\u00e9n estar\u00e1 para competir y para dar apoyo a Clemente.<\/p>\n<p>Tambi\u00e9n\u00a0estar\u00e1n nuestro valiente <strong>Peru Alfaro<\/strong> que regresa a la competici\u00f3n despu\u00e9s del mal sabor de boca en Zarautz adem\u00e1s de <strong>Iv\u00e1n C\u00e1ceres, Alfonso Jim\u00e9nez, y Xavier Torrades.<\/strong><\/p>\n<p>Todos ellos luchar\u00e1n para ponerselo m\u00e1s que dificil a los favoritos para la victoria como son el alem\u00e1n Sebbie Kienle y el sueco Patrick Nilsson.<\/p>\n<p>En f\u00e9minas tan solo <strong>Helena Herrero<\/strong> consta en la startlist oficial de este Campeonato de Europa Ironman<\/p>\n<p>Importante anotar que la prueba germana congregar\u00e1 a una importante parroquia espa\u00f1ola con m\u00e1s de <strong>220 atletas<\/strong> que estar\u00e1n en la salida del Ironman Frankfurt 2017.<\/p>\n<h3>La carrera.<\/h3>\n<hr \/>\n<p>Lo m\u00e1s destacado ser\u00e1 el impresionante p\u00fablico que saldr\u00e1 a las calles en la zona vieja de la ciudad donde los triatletas pasaran con la bici. Un circuito a dos vueltas completamente cerrado al tr\u00e1fico de 177km en vez de 180km que se espera tener en la pr\u00f3xima edici\u00f3n del 2018, ser\u00e1 pr\u00e1cticamente llano.<\/p>\n<p>En cuanto a la carrera a pie ser\u00e1 totalmente llana y discurrir\u00e1 a lo largo del r\u00edo Meno.<\/p>\n<p>\u00a1Suerte a tod@s nuestros representantes en tierras germanas!<\/p>\n<p>&nbsp;<\/p>\n","protected":false},"excerpt":{"rendered":"<p>El motor y el ajetreo propio de una ciudad de negocios\u00a0ser\u00e1 sustituido\u00a0durante el pr\u00f3ximo fin de semana por las cabras, lenticulares y neoprenos varios.\u00a0En \u00a0Frankfurtse dar\u00e1 cita la celebraci\u00f3n del imponente Campeonato de Europa de IRONMAN. Entre nuestros representantes en \u00e9lite destaca la presencia del mallorqu\u00edn Carlos L\u00f3pez a la caza\u00a0de los puntos para meterse [&hellip;]<\/p>\n","protected":false},"author":1,"featured_media":23462,"comment_status":"closed","ping_status":"closed","sticky":false,"template":"","format":"standard","meta":{"_acf_changed":false,"rank_math_lock_modified_date":false,"footnotes":""},"categories":[17,2033],"tags":[5701,4369],"class_list":{"0":"post-52542","1":"post","2":"type-post","3":"status-publish","4":"format-standard","5":"has-post-thumbnail","7":"category-actualidad","8":"category-sport","9":"tag-campeonato-de-europa-ironman","10":"tag-ironman-frankfurt"},"acf":[],"_links":{"self":[{"href":"https:\/\/miurltemporal.com/main/triatletasenred.sport.es\/wp-json\/wp\/v2\/posts\/52542"}],"collection":[{"href":"https:\/\/miurltemporal.com/main/triatletasenred.sport.es\/wp-json\/wp\/v2\/posts"}],"about":[{"href":"https:\/\/miurltemporal.com/main/triatletasenred.sport.es\/wp-json\/wp\/v2\/types\/post"}],"author":[{"embeddable":true,"href":"https:\/\/miurltemporal.com/main/triatletasenred.sport.es\/wp-json\/wp\/v2\/users\/1"}],"replies":[{"embeddable":true,"href":"https:\/\/miurltemporal.com/main/triatletasenred.sport.es\/wp-json\/wp\/v2\/comments?post=52542"}],"version-history":[{"count":0,"href":"https:\/\/miurltemporal.com/main/triatletasenred.sport.es\/wp-json\/wp\/v2\/posts\/52542\/revisions"}],"wp:featuredmedia":[{"embeddable":true,"href":"https:\/\/miurltemporal.com/main/triatletasenred.sport.es\/wp-json\/wp\/v2\/media\/23462"}],"wp:attachment":[{"href":"https:\/\/miurltemporal.com/main/triatletasenred.sport.es\/wp-json\/wp\/v2\/media?parent=52542"}],"wp:term":[{"taxonomy":"category","embeddable":true,"href":"https:\/\/miurltemporal.com/main/triatletasenred.sport.es\/wp-json\/wp\/v2\/categories?post=52542"},{"taxonomy":"post_tag","embeddable":true,"href":"https:\/\/miurltemporal.com/main/triatletasenred.sport.es\/wp-json\/wp\/v2\/tags?post=52542"}],"curies":[{"name":"wp","href":"https:\/\/api.w.org\/{rel}","templated":true}]}}