{"id":52442,"date":"2017-06-21T19:21:22","date_gmt":"2017-06-21T17:21:22","guid":{"rendered":"http:\/\/triatletasenred.com\/?p=52442"},"modified":"2017-07-04T13:18:53","modified_gmt":"2017-07-04T11:18:53","slug":"calentando-motores-xii-triatlon-valle-buelna","status":"publish","type":"post","link":"https:\/\/miurltemporal.com/main/triatletasenred.sport.es\/en-red\/calentando-motores-xii-triatlon-valle-buelna\/","title":{"rendered":"Calentando motores para el XII Triatl\u00f3n Valle de Buelna"},"content":{"rendered":"<h3>En poco m\u00e1s de un mes arrancar\u00e1 la duod\u00e9cima edici\u00f3n del Triatl\u00f3n Valle de Buelna, un cl\u00e1sico que debe estar en el calendario de cualquier triatleta popular espa\u00f1ol.<\/h3>\n<p>El pr\u00f3ximo 19 de Agosto podremos disfrutar en la localidad c\u00e1ntabra de Corrales de Buelna de este tiratl\u00f3n. Una prueba que cada a\u00f1o se consolida m\u00e1s en el calendario espa\u00f1ol, y poco a poco se est\u00e1 convirtiendo en una cita ineludible para todos nosotros.<\/p>\n<p><img fetchpriority=\"high\" decoding=\"async\" class=\" wp-image-52449 alignright\" src=\"https:\/\/miurltemporal.com/main/triatletasenred.sport.es\/wp-content\/uploads\/Triatlon-de-Buelna_opt-300x133.png\" alt=\"\" width=\"415\" height=\"184\" srcset=\"https:\/\/miurltemporal.com/main/triatletasenred.sport.es\/wp-content\/uploads\/Triatlon-de-Buelna_opt-300x133.png 300w, https:\/\/miurltemporal.com/main/triatletasenred.sport.es\/wp-content\/uploads\/Triatlon-de-Buelna_opt-700x309.png 700w, https:\/\/miurltemporal.com/main/triatletasenred.sport.es\/wp-content\/uploads\/Triatlon-de-Buelna_opt-696x308.png 696w, https:\/\/miurltemporal.com/main/triatletasenred.sport.es\/wp-content\/uploads\/Triatlon-de-Buelna_opt.png 760w\" sizes=\"(max-width: 415px) 100vw, 415px\" \/>Adem\u00e1s, este a\u00f1o ser\u00e1 la novena edici\u00f3n del Campeonato de Espa\u00f1a de Polic\u00edas, Bomberos y Servicios de Emergencias; algo que asegura a\u00fan, mucho m\u00e1s espect\u00e1culo y diversi\u00f3n para todos los espectadores.<\/p>\n<p>La competici\u00f3n comenzar\u00e1 a las 15:00 en el Pantano del Ebro, con 1,9 kil\u00f3metros de nataci\u00f3n. Posteriormente, los triatletas deber\u00e1n afrontar 90 kil\u00f3metros de ciclismo. Para terminar, habr\u00e1 21,2 kil\u00f3metros de carrera a pie.<\/p>\n<p>Para que todos os pod\u00e1is hacer una idea del gran nivel que hay en esta prueba, el a\u00f1o pasado los vencedores fueron: Pablo Dapena Gonz\u00e1lez en la categor\u00eda masculina, con un tiempo de 03:50:59, un aut\u00e9ntico tiempazo; y en lo que a la categor\u00eda femenina se refiere, la vencedora fue Mar\u00eda Pujol P\u00e9rez, con una marca de 04:33:16.<\/p>\n<p>Las inscripciones quedar\u00e1n abiertas hasta el d\u00eda uno del mes de Agosto, para poder realizarlas, no ten\u00e9is m\u00e1s que hacer click <a href=\"http:\/\/www.sportchip.es\/xii-triatlon-valle-de-buelna\/\" rel=\"nofollow noopener\" target=\"_blank\">aqu\u00ed.<\/a> A d\u00eda de hoy, est\u00e1n a un m\u00e1s que asequible precio de setenta euros, una aut\u00e9ntica ganga para una prueba de este nivel y con tan magn\u00edfica organizaci\u00f3n.<\/p>\n<p>Ya sab\u00e9is, reservad el fin de semana del s\u00e1bado 19 de Agosto y domingo 20, Cantabria os espera para disfrutar del triatl\u00f3n, la gastronom\u00eda, una buena sidra y qui\u00e9n sabe si algo m\u00e1s. Unas fechas ideales para disfrutar con familia o amigos de unos merecidos d\u00edas de vacaciones en pleno mes de Agosto.<\/p>\n<p>Si necesit\u00e1is m\u00e1s informaci\u00f3n, no dud\u00e9is en visitar la web del <a href=\"http:\/\/www.triatlonbuelna.com\/\" rel=\"nofollow noopener\" target=\"_blank\">XII Triatl\u00f3n del Valle de Buelna<\/a> o escribiendo un email a la direcci\u00f3n bardycastillo@hotmail.com<\/p>\n<p><strong>Recuerda: ve, visita, disfruta, apasi\u00f3nate y compite.<\/strong><\/p>\n","protected":false},"excerpt":{"rendered":"<p>En poco m\u00e1s de un mes arrancar\u00e1 la duod\u00e9cima edici\u00f3n del Triatl\u00f3n Valle de Buelna, un cl\u00e1sico que debe estar en el calendario de cualquier triatleta espa\u00f1ol<\/p>\n","protected":false},"author":288,"featured_media":52377,"comment_status":"closed","ping_status":"closed","sticky":false,"template":"","format":"standard","meta":{"_acf_changed":false,"rank_math_lock_modified_date":false,"footnotes":""},"categories":[16,17],"tags":[24,2618,5687],"class_list":{"0":"post-52442","1":"post","2":"type-post","3":"status-publish","4":"format-standard","5":"has-post-thumbnail","7":"category-en-red","8":"category-actualidad","9":"tag-triatlon","10":"tag-triatlon-popular","11":"tag-triatlon-valle-de-buelna"},"acf":[],"_links":{"self":[{"href":"https:\/\/miurltemporal.com/main/triatletasenred.sport.es\/wp-json\/wp\/v2\/posts\/52442"}],"collection":[{"href":"https:\/\/miurltemporal.com/main/triatletasenred.sport.es\/wp-json\/wp\/v2\/posts"}],"about":[{"href":"https:\/\/miurltemporal.com/main/triatletasenred.sport.es\/wp-json\/wp\/v2\/types\/post"}],"author":[{"embeddable":true,"href":"https:\/\/miurltemporal.com/main/triatletasenred.sport.es\/wp-json\/wp\/v2\/users\/288"}],"replies":[{"embeddable":true,"href":"https:\/\/miurltemporal.com/main/triatletasenred.sport.es\/wp-json\/wp\/v2\/comments?post=52442"}],"version-history":[{"count":0,"href":"https:\/\/miurltemporal.com/main/triatletasenred.sport.es\/wp-json\/wp\/v2\/posts\/52442\/revisions"}],"wp:featuredmedia":[{"embeddable":true,"href":"https:\/\/miurltemporal.com/main/triatletasenred.sport.es\/wp-json\/wp\/v2\/media\/52377"}],"wp:attachment":[{"href":"https:\/\/miurltemporal.com/main/triatletasenred.sport.es\/wp-json\/wp\/v2\/media?parent=52442"}],"wp:term":[{"taxonomy":"category","embeddable":true,"href":"https:\/\/miurltemporal.com/main/triatletasenred.sport.es\/wp-json\/wp\/v2\/categories?post=52442"},{"taxonomy":"post_tag","embeddable":true,"href":"https:\/\/miurltemporal.com/main/triatletasenred.sport.es\/wp-json\/wp\/v2\/tags?post=52442"}],"curies":[{"name":"wp","href":"https:\/\/api.w.org\/{rel}","templated":true}]}}