{"id":52222,"date":"2017-06-19T15:41:37","date_gmt":"2017-06-19T13:41:37","guid":{"rendered":"http:\/\/triatletasenred.com\/?p=52222"},"modified":"2017-06-19T16:09:00","modified_gmt":"2017-06-19T14:09:00","slug":"jan-frodeno-tilda-una-mierda-ultimo-episodio-la-operacion-puerto","status":"publish","type":"post","link":"https:\/\/miurltemporal.com/main/triatletasenred.sport.es\/actualidad\/jan-frodeno-tilda-una-mierda-ultimo-episodio-la-operacion-puerto\/","title":{"rendered":"Jan Frodeno tilda de &#8220;una mierda&#8221; el \u00faltimo episodio de la Operaci\u00f3n Puerto."},"content":{"rendered":"<h3>\u00a1Contundente! El germano Jan Frodeno ha reaccionado de este modo ante el Auto de la Audiencia Provincial de Madrid que impedir\u00e1 que salgan a la luz p\u00fablica los nombres de los propietarios de las bolsas de sangre intervenidas en la trama de dopaje m\u00e1s vergonzosa del deporte espa\u00f1ol.<\/h3>\n<p>&nbsp;<\/p>\n<blockquote class=\"twitter-tweet\" data-lang=\"es\">\n<p dir=\"ltr\" lang=\"en\">This is such bullshit! Some too big to fail names? <a href=\"https:\/\/t.co\/77IW0H9ixy\" rel=\"nofollow\" target=\"_blank\">https:\/\/t.co\/77IW0H9ixy<\/a><\/p>\n<p>\u2014 Jan Frodeno (@janfrodeno) <a href=\"https:\/\/twitter.com\/janfrodeno\/status\/876149141742727168\" rel=\"nofollow noopener\" target=\"_blank\">17 de junio de 2017<\/a><\/p><\/blockquote>\n<p><script async src=\"https:\/\/platform.twitter.com\/widgets.js\" charset=\"utf-8\"><\/script><\/p>\n<p>Frodeno lanza adem\u00e1s una pregunta que muchos nos hacemos <strong>\u00bfTan importantes son esos nombres para que caigan?<\/strong><\/p>\n<p>El auto al que hace referencia el vigente Campe\u00f3n del mundo Ironman fue emitido el pasado mi\u00e9rcoles se\u00a0<strong>descart\u00f3 la devoluci\u00f3n a Eufemiano Fuentes de las muestras de sangre localizadas durante la investigaci\u00f3n de la &#8216;operaci\u00f3n Puerto&#8217;<\/strong>, en respuesta a una aclaraci\u00f3n solicitada por \u00e9ste sobre la sentencia que lo absolvi\u00f3 hace un a\u00f1o.<\/p>\n<p>Seg\u00fan afirma el auto \u00a0&#8220;<em><strong>la petici\u00f3n de las muestras no ten\u00eda por finalidad descubrir a posibles deportistas en orden a la apertura de procedimientos disciplinarios contra ellos&#8221;, sino &#8220;para tratar de descubrir si pertenec\u00edan a algunos de los deportistas a los cuales se les abrieron expedientes disciplinarios<\/strong><\/em>&#8220;.<\/p>\n<p>As\u00ed, que de nombres nuevos, nada de nada, sentencia el magistrado.<\/p>\n<p>Nos quedamos as\u00ed con la misma duda que plantea Jan Frodeno&#8230;\u00bftan importantes son los nombres para que se publiquen sus datos?<\/p>\n<p><\/a><\/p>\n","protected":false},"excerpt":{"rendered":"<p>\u00a1Contundente! El germano Jan Frodeno ha reaccionado de este modo ante el Auto de la Audiencia Provincial de Madrid que impedir\u00e1 que salgan a la luz p\u00fablica los nombres de los propietarios de las bolsas de sangre intervenidas en la trama de dopaje m\u00e1s vergonzosa del deporte espa\u00f1ol. &nbsp; This is such bullshit! Some too [&hellip;]<\/p>\n","protected":false},"author":1,"featured_media":40128,"comment_status":"closed","ping_status":"closed","sticky":false,"template":"","format":"standard","meta":{"_acf_changed":false,"rank_math_lock_modified_date":false,"footnotes":""},"categories":[17,2033],"tags":[3011,4417,1936,5647],"class_list":{"0":"post-52222","1":"post","2":"type-post","3":"status-publish","4":"format-standard","5":"has-post-thumbnail","7":"category-actualidad","8":"category-sport","9":"tag-dopaje","10":"tag-doping","11":"tag-jan-frodeno","12":"tag-operacion-puerto"},"acf":[],"_links":{"self":[{"href":"https:\/\/miurltemporal.com/main/triatletasenred.sport.es\/wp-json\/wp\/v2\/posts\/52222"}],"collection":[{"href":"https:\/\/miurltemporal.com/main/triatletasenred.sport.es\/wp-json\/wp\/v2\/posts"}],"about":[{"href":"https:\/\/miurltemporal.com/main/triatletasenred.sport.es\/wp-json\/wp\/v2\/types\/post"}],"author":[{"embeddable":true,"href":"https:\/\/miurltemporal.com/main/triatletasenred.sport.es\/wp-json\/wp\/v2\/users\/1"}],"replies":[{"embeddable":true,"href":"https:\/\/miurltemporal.com/main/triatletasenred.sport.es\/wp-json\/wp\/v2\/comments?post=52222"}],"version-history":[{"count":0,"href":"https:\/\/miurltemporal.com/main/triatletasenred.sport.es\/wp-json\/wp\/v2\/posts\/52222\/revisions"}],"wp:featuredmedia":[{"embeddable":true,"href":"https:\/\/miurltemporal.com/main/triatletasenred.sport.es\/wp-json\/wp\/v2\/media\/40128"}],"wp:attachment":[{"href":"https:\/\/miurltemporal.com/main/triatletasenred.sport.es\/wp-json\/wp\/v2\/media?parent=52222"}],"wp:term":[{"taxonomy":"category","embeddable":true,"href":"https:\/\/miurltemporal.com/main/triatletasenred.sport.es\/wp-json\/wp\/v2\/categories?post=52222"},{"taxonomy":"post_tag","embeddable":true,"href":"https:\/\/miurltemporal.com/main/triatletasenred.sport.es\/wp-json\/wp\/v2\/tags?post=52222"}],"curies":[{"name":"wp","href":"https:\/\/api.w.org\/{rel}","templated":true}]}}