{"id":51912,"date":"2017-06-07T07:31:17","date_gmt":"2017-06-07T05:31:17","guid":{"rendered":"http:\/\/triatletasenred.com\/?p=51912"},"modified":"2017-06-07T07:35:02","modified_gmt":"2017-06-07T05:35:02","slug":"series-mundiales-leeds-2017","status":"publish","type":"post","link":"https:\/\/miurltemporal.com/main/triatletasenred.sport.es\/actualidad\/series-mundiales-leeds-2017\/","title":{"rendered":"Fernando Alarza defender\u00e1 el dorsal 1 en Leeds con la oposici\u00f3n de los Brownlee"},"content":{"rendered":"<h3>Un mes hemos tenido que esperar para poder disfrutar de nuevo de los m\u00e1s grandes del triatl\u00f3n mundial, este fin de semana vuelven las Series Mundiales que se dar\u00e1n cita en la ciudad inglesa de Leeds.<\/h3>\n<p><img fetchpriority=\"high\" decoding=\"async\" class=\"aligncenter size-full wp-image-50332\" src=\"https:\/\/miurltemporal.com/main/triatletasenred.sport.es\/wp-content\/uploads\/etixx750x100.jpg\" alt=\"\" width=\"750\" height=\"100\" srcset=\"https:\/\/miurltemporal.com/main/triatletasenred.sport.es\/wp-content\/uploads\/etixx750x100.jpg 750w, https:\/\/miurltemporal.com/main/triatletasenred.sport.es\/wp-content\/uploads\/etixx750x100-700x93.jpg 700w, https:\/\/miurltemporal.com/main/triatletasenred.sport.es\/wp-content\/uploads\/etixx750x100-300x40.jpg 300w, https:\/\/miurltemporal.com/main/triatletasenred.sport.es\/wp-content\/uploads\/etixx750x100-600x80.jpg 600w, https:\/\/miurltemporal.com/main/triatletasenred.sport.es\/wp-content\/uploads\/etixx750x100-80x11.jpg 80w\" sizes=\"(max-width: 750px) 100vw, 750px\" \/><\/p>\n<p>Un a\u00f1o m\u00e1s de vuelta a la ciudad natal de los<strong> hermanos Brownlee<\/strong> que volver\u00e1 a ver competir a Alistair en las series mundiales pero para nuestra tristeza, no ver\u00e1 competir ni al triatleta m\u00e1s laureado de la historia nuestro <strong>Javier G\u00f3mez Noya<\/strong> como tampoco a <strong>super Mario Mola<\/strong> actual l\u00edder de las series. Por otro lado,<strong> si que estar\u00e1 Fernando Alarza<\/strong> portando ese n\u00famero 1 de color oro, que si lucha como solo \u00e9l sabe puede colocarse en primera posici\u00f3n de la clasificaci\u00f3n de las series. Y tambi\u00e9n veremos en acci\u00f3n a <strong>Vicente Hern\u00e1ndez<\/strong> y a la novedad en estas series, <strong>Antonio Serrat<\/strong> ha conseguido la oportunidad de participar por m\u00e9ritos propios.<\/p>\n<figure style=\"width: 249px\" class=\"wp-caption alignleft\"><img decoding=\"async\" class=\"\" src=\"https:\/\/pbs.twimg.com\/media\/DBFSNLTXoAAm8z4.jpg\" width=\"249\" height=\"249\" \/><figcaption class=\"wp-caption-text\">Twitter Sara P\u00e9rez (@saritaperez88)<\/figcaption><\/figure>\n<p>En cuanto a la armada espa\u00f1ola femenina, tendremos a <strong>Sara P\u00e9rez Sala<\/strong> como \u00fanica representante que se estrena por primera vez en una competici\u00f3n de este calibre.<\/p>\n<p>Todos ellos se enfrentar\u00e1n a 1500m de nataci\u00f3n en aguas fr\u00edas que obligar\u00e1n a usar el neopreno y un circuito ciclista muy t\u00e9cnico que discurre por el centro de la ciudad donde se pueden contabilizar hasta 16 giros en tan solo una vuelta de 4k. Terminando con10 km de carrera a pie con alguna que otra cuesta, y si el tiempo no acompa\u00f1a como la edici\u00f3n anterior la lluvia ser\u00e1 tambi\u00e9n protagonista.<\/p>\n<p>En cuanto a los favoritos en categor\u00eda masculina, tenemos a los<strong> hermanos Brownlee<\/strong> que intentar\u00e1n pegarse lo m\u00e1ximo posible a <strong>Richard Varga<\/strong> para salir delante en la nataci\u00f3n y abrir hueco. Pero mucho tendr\u00e1n que apretar porque muy cerca tendr\u00e1n a <strong>Henri Schoeman, Aurelien Raphael o el joven Andreas Schilling<\/strong> candidatos tambi\u00e9n al podio. Pero no nos olvidemos que nuestra armada cuenta con <strong>Fernando Alarza<\/strong> que puede hacer mucho da\u00f1o en la carrera a pie y estar\u00e1 luchando por la victoria.<\/p>\n<p>Respecto a la categor\u00eda femenina, el podium estar\u00e1 muy peleado entre<strong> Kasper<\/strong> que disfrutar\u00e1 de ese color oro en su dorsal, <strong>Gentle y Backhouse<\/strong> que luchar\u00e1n por seguir sumando puntos y poder mantenerse en lo m\u00e1s alto de la clasificaci\u00f3n de las series.<\/p>\n<p>De todos modos, por detr\u00e1s les vendr\u00e1n triatletas como <strong>Flora Duffy<\/strong> que se estren\u00f3 hace bien poco con victoria en Yokohama y seguro que apretar\u00e1 los dientes por estar ah\u00ed arriba, es muy buena ciclista y este circuito puede favorecerle.<\/p>\n<p><strong>Nuestra guerrera Sara intentar\u00e1 sumar sus primeros puntos en unas series mundiales.\u00a0<\/strong><\/p>\n<p><strong>Un mes despu\u00e9s vuelve el mayor espect\u00e1culo del Triatl\u00f3n.<\/strong><\/p>\n<p>&nbsp;<\/p>\n","protected":false},"excerpt":{"rendered":"<p>Un mes hemos tenido que esperar para poder disfrutar de nuevo de los m\u00e1s grandes del triatl\u00f3n mundial, este fin de semana vuelven las Series Mundiales que se dar\u00e1n cita en la ciudad inglesa de Leeds. Un a\u00f1o m\u00e1s de vuelta a la ciudad natal de los hermanos Brownlee que volver\u00e1 a ver competir a [&hellip;]<\/p>\n","protected":false},"author":289,"featured_media":45809,"comment_status":"closed","ping_status":"closed","sticky":false,"template":"","format":"standard","meta":{"_acf_changed":false,"rank_math_lock_modified_date":false,"footnotes":""},"categories":[17],"tags":[3051,375,5610,4473],"class_list":{"0":"post-51912","1":"post","2":"type-post","3":"status-publish","4":"format-standard","5":"has-post-thumbnail","7":"category-actualidad","8":"tag-etixx","9":"tag-fernando-alarza","10":"tag-leeds-2017","11":"tag-series-mundiales"},"acf":[],"_links":{"self":[{"href":"https:\/\/miurltemporal.com/main/triatletasenred.sport.es\/wp-json\/wp\/v2\/posts\/51912"}],"collection":[{"href":"https:\/\/miurltemporal.com/main/triatletasenred.sport.es\/wp-json\/wp\/v2\/posts"}],"about":[{"href":"https:\/\/miurltemporal.com/main/triatletasenred.sport.es\/wp-json\/wp\/v2\/types\/post"}],"author":[{"embeddable":true,"href":"https:\/\/miurltemporal.com/main/triatletasenred.sport.es\/wp-json\/wp\/v2\/users\/289"}],"replies":[{"embeddable":true,"href":"https:\/\/miurltemporal.com/main/triatletasenred.sport.es\/wp-json\/wp\/v2\/comments?post=51912"}],"version-history":[{"count":0,"href":"https:\/\/miurltemporal.com/main/triatletasenred.sport.es\/wp-json\/wp\/v2\/posts\/51912\/revisions"}],"wp:featuredmedia":[{"embeddable":true,"href":"https:\/\/miurltemporal.com/main/triatletasenred.sport.es\/wp-json\/wp\/v2\/media\/45809"}],"wp:attachment":[{"href":"https:\/\/miurltemporal.com/main/triatletasenred.sport.es\/wp-json\/wp\/v2\/media?parent=51912"}],"wp:term":[{"taxonomy":"category","embeddable":true,"href":"https:\/\/miurltemporal.com/main/triatletasenred.sport.es\/wp-json\/wp\/v2\/categories?post=51912"},{"taxonomy":"post_tag","embeddable":true,"href":"https:\/\/miurltemporal.com/main/triatletasenred.sport.es\/wp-json\/wp\/v2\/tags?post=51912"}],"curies":[{"name":"wp","href":"https:\/\/api.w.org\/{rel}","templated":true}]}}