{"id":51900,"date":"2017-06-07T07:21:47","date_gmt":"2017-06-07T05:21:47","guid":{"rendered":"http:\/\/triatletasenred.com\/?p=51900"},"modified":"2017-06-07T07:48:39","modified_gmt":"2017-06-07T05:48:39","slug":"triatlon-zarautz-2017","status":"publish","type":"post","link":"https:\/\/miurltemporal.com/main/triatletasenred.sport.es\/actualidad\/triatlon-zarautz-2017\/","title":{"rendered":"Zarauzko Triatloia 2017. Este s\u00e1bado tenemos cita con la historia"},"content":{"rendered":"<h3 style=\"text-align: justify;\">La historia de nuestro triatl\u00f3n nacional de\u00a0media distancia aterriza este fin de semana en Zarautz con la expectaci\u00f3n de siempre. Los fieles aficionados al triatl\u00f3n no deben perderse una edici\u00f3n que repartir\u00e1 muy caras las txapelas, con una l\u00ednea de salida de \u00f3rdago.<\/h3>\n<p style=\"text-align: justify;\">Luces, c\u00e1mara y acci\u00f3n. Como si de la mejor pel\u00edcula de\u00a0Quentin Tarantino se tratara, este s\u00e1bado nos espera una de las grandes citas\u00a0del a\u00f1o. Es sabedor que el director norteamericano tiene un estilo singular y diferente al resto, lo mismo que ocurre con la organizaci\u00f3n de la m\u00edtica carrera vasca. Claro est\u00e1, en la prueba vasca no veremos violencia ni gritos, pero s\u00ed <strong>una batalla deportiva<\/strong> sana de lo m\u00e1s espectacular.<\/p>\n<p style=\"text-align: justify;\">Estamos ante una nueva edici\u00f3n, la\u00a0trig\u00e9sima primera, que no se cansa de batir r\u00e9cords y marcar estad\u00edsticas al alcance de pocas pruebas. Por ejemplo, no\u00a0olvidemos que el 11 de febrero super\u00f3 todas las expectativas con una apertura de inscripciones expr\u00e9s: apenas un minuto duraron los dorsales.<\/p>\n<p style=\"text-align: justify;\"><img fetchpriority=\"high\" decoding=\"async\" class=\"aligncenter wp-image-51906\" src=\"https:\/\/miurltemporal.com/main/triatletasenred.sport.es\/wp-content\/uploads\/participantes-Zarautz.jpg\" alt=\"\" width=\"520\" height=\"339\" srcset=\"https:\/\/miurltemporal.com/main/triatletasenred.sport.es\/wp-content\/uploads\/participantes-Zarautz.jpg 1007w, https:\/\/miurltemporal.com/main/triatletasenred.sport.es\/wp-content\/uploads\/participantes-Zarautz-700x456.jpg 700w, https:\/\/miurltemporal.com/main/triatletasenred.sport.es\/wp-content\/uploads\/participantes-Zarautz-300x195.jpg 300w, https:\/\/miurltemporal.com/main/triatletasenred.sport.es\/wp-content\/uploads\/participantes-Zarautz-768x500.jpg 768w, https:\/\/miurltemporal.com/main/triatletasenred.sport.es\/wp-content\/uploads\/participantes-Zarautz-214x140.jpg 214w\" sizes=\"(max-width: 520px) 100vw, 520px\" \/><\/p>\n<p style=\"text-align: justify;\">Pasan los a\u00f1os pero el idilio del Zarauzko Triatloia con sus participantes se mantiene. Vislumbrar <strong>la silueta de Zarautz<\/strong> en un sector de nataci\u00f3n largo (2,9 km) que parte de Getaria; <strong>escalar aut\u00e9nticos muros<\/strong> como el Alto de Txurruka, el puerto de Meagas y el Muro de Aia (81 km); y <strong>dejar fluir los cinco sentidos<\/strong> durante la carrera a pie (20 km). Una aventura que no ser\u00eda lo mismo sin el calor del p\u00fablico, que inunda gran parte del recorrido.<\/p>\n<p style=\"text-align: justify;\">Porque colgarse un dorsal en el\u00a0Zarauzko Triatloia es incre\u00edble, pero verlo desde la barrera como espectador tambi\u00e9n es un placer. Lo demuestran los numerosos triatletas \u00e9lite que deciden acercarse a animar caso de Peru Alfaro y Gurutze Frades, unos asiduos.<\/p>\n<p style=\"text-align: justify;\">Por cierto, hablando de triatletas de categor\u00eda, es una se\u00f1a de identidad ver competir en Zarautz algunos de los mejores especialistas de la media distancia. En hombres, excepto sorpresa de \u00faltima hora, no defender\u00e1 corona el rey de la prueba, Eneko Llanos.<\/p>\n<p style=\"text-align: justify;\"><img decoding=\"async\" class=\"alignleft wp-image-51905\" src=\"https:\/\/miurltemporal.com/main/triatletasenred.sport.es\/wp-content\/uploads\/elite-1.jpg\" alt=\"\" width=\"349\" height=\"263\" srcset=\"https:\/\/miurltemporal.com/main/triatletasenred.sport.es\/wp-content\/uploads\/elite-1.jpg 892w, https:\/\/miurltemporal.com/main/triatletasenred.sport.es\/wp-content\/uploads\/elite-1-700x527.jpg 700w, https:\/\/miurltemporal.com/main/triatletasenred.sport.es\/wp-content\/uploads\/elite-1-300x226.jpg 300w, https:\/\/miurltemporal.com/main/triatletasenred.sport.es\/wp-content\/uploads\/elite-1-768x579.jpg 768w\" sizes=\"(max-width: 349px) 100vw, 349px\" \/>Por ello, <strong>Gustavo Rodr\u00edguez<\/strong> re\u00fane un importante porcentaje de posibilidades de ser el txapeldun 2017 tras proclamarse campe\u00f3n de Espa\u00f1a en el Half Triathlon Pamplona &#8211; Iru\u00f1a y vencer en el Bilbao Triathlon.<\/p>\n<p style=\"text-align: justify;\">Entre <strong>sus rivales<\/strong>, hombres de la talla de <strong>Carlos L\u00f3pez, Cesc Godoy, Peru Alfaro, Miguel \u00c1ngel Fidalgo, Jon Unanue y Alejandro Santamar\u00eda,<\/strong> aunque en pruebas como esta no se pueden descartar otros nombres que acaban dando que hablar a la hora de la verdad. <strong>Pello Osorio<\/strong> ser\u00e1 baja finalmente de este cartel\u00f3n por lesi\u00f3n.<\/p>\n<p style=\"text-align: justify;\">Si dif\u00edcil es pronosticar campe\u00f3n, lo mismo ocurre con la campeona. Mucho nivel en una lista de salida que incluye a<strong> Sara Loehr, Judith Corach\u00e1n, Saleta Castro, Helene Alberdi, Victoria Juanicotena, Nerea Gambra y Joselyn Brea. Dol\u00e7a Oll\u00e9 <\/strong>es una de las posibles bajas de \u00faltima hora, as\u00ed como <strong>Sara Loehr<\/strong> que arrastra una lesi\u00f3n desde su victoria en el Challenge Salou aunque la de Vilafranca intentar\u00e1 todo para estar en la salida de Guetaria.<\/p>\n<p style=\"text-align: justify;\">El s\u00e1bado a partir de las 14h, disfrutad de la pel\u00edcula. Se aceptan palomitas.<\/p>\n<p style=\"text-align: justify;\">Fotos: Sergio Nievas<\/p>\n<p style=\"text-align: justify;\"><img decoding=\"async\" class=\"aligncenter size-full wp-image-51531\" src=\"https:\/\/miurltemporal.com/main/triatletasenred.sport.es\/wp-content\/uploads\/Banner_2XU-Troop_700x150px_BANNER.gif\" alt=\"\" width=\"700\" height=\"150\" \/><\/p>\n","protected":false},"excerpt":{"rendered":"<p>La historia de nuestro triatl\u00f3n nacional de\u00a0media distancia aterriza este fin de semana en Zarautz con la expectaci\u00f3n de siempre. Los fieles aficionados al triatl\u00f3n no deben perderse una edici\u00f3n que repartir\u00e1 muy caras las txapelas, con una l\u00ednea de salida de \u00f3rdago. Luces, c\u00e1mara y acci\u00f3n. Como si de la mejor pel\u00edcula de\u00a0Quentin Tarantino [&hellip;]<\/p>\n","protected":false},"author":23,"featured_media":51904,"comment_status":"closed","ping_status":"closed","sticky":false,"template":"","format":"standard","meta":{"_acf_changed":false,"rank_math_lock_modified_date":false,"footnotes":""},"categories":[17],"tags":[2208,3468,727,716],"class_list":{"0":"post-51900","1":"post","2":"type-post","3":"status-publish","4":"format-standard","5":"has-post-thumbnail","7":"category-actualidad","8":"tag-gustavo-rodriguez","9":"tag-sara-loehr","10":"tag-triatlon-de-zarautz","11":"tag-zarauzko-triatloia"},"acf":[],"_links":{"self":[{"href":"https:\/\/miurltemporal.com/main/triatletasenred.sport.es\/wp-json\/wp\/v2\/posts\/51900"}],"collection":[{"href":"https:\/\/miurltemporal.com/main/triatletasenred.sport.es\/wp-json\/wp\/v2\/posts"}],"about":[{"href":"https:\/\/miurltemporal.com/main/triatletasenred.sport.es\/wp-json\/wp\/v2\/types\/post"}],"author":[{"embeddable":true,"href":"https:\/\/miurltemporal.com/main/triatletasenred.sport.es\/wp-json\/wp\/v2\/users\/23"}],"replies":[{"embeddable":true,"href":"https:\/\/miurltemporal.com/main/triatletasenred.sport.es\/wp-json\/wp\/v2\/comments?post=51900"}],"version-history":[{"count":0,"href":"https:\/\/miurltemporal.com/main/triatletasenred.sport.es\/wp-json\/wp\/v2\/posts\/51900\/revisions"}],"wp:featuredmedia":[{"embeddable":true,"href":"https:\/\/miurltemporal.com/main/triatletasenred.sport.es\/wp-json\/wp\/v2\/media\/51904"}],"wp:attachment":[{"href":"https:\/\/miurltemporal.com/main/triatletasenred.sport.es\/wp-json\/wp\/v2\/media?parent=51900"}],"wp:term":[{"taxonomy":"category","embeddable":true,"href":"https:\/\/miurltemporal.com/main/triatletasenred.sport.es\/wp-json\/wp\/v2\/categories?post=51900"},{"taxonomy":"post_tag","embeddable":true,"href":"https:\/\/miurltemporal.com/main/triatletasenred.sport.es\/wp-json\/wp\/v2\/tags?post=51900"}],"curies":[{"name":"wp","href":"https:\/\/api.w.org\/{rel}","templated":true}]}}