{"id":51714,"date":"2017-05-27T09:00:31","date_gmt":"2017-05-27T07:00:31","guid":{"rendered":"http:\/\/triatletasenred.com\/?p=51714"},"modified":"2017-05-27T09:00:31","modified_gmt":"2017-05-27T07:00:31","slug":"gurutze-frades-eneko-llanos-ironman-brasil","status":"publish","type":"post","link":"https:\/\/miurltemporal.com/main/triatletasenred.sport.es\/actualidad\/gurutze-frades-eneko-llanos-ironman-brasil\/","title":{"rendered":"Gurutze Frades y Eneko Llanos, txapeldunes en el IRONMAN Brasil"},"content":{"rendered":"<h3>El pasaporte a Kona de Gurutze Frades y Eneko Llanos pasa este fin de semana por tierras brasileiras. El comando vasco asaltar\u00e1 el domingo 28 de mayo el Ironman Florianapolis Brasil.<\/h3>\n<p>No ser\u00e1 una prueba f\u00e1cil para los nuestros ya que, las condiciones climatol\u00f3gicas de calor y humedad relativa, no son las ideales para las caracter\u00edsticas de nuestros embajadores. Sumamos a esto que la prueba brasile\u00f1a es tambi\u00e9n sede del Campeonato Sudamericano de IRONMAN por lo que se espera una dura pugna por los primeros puestos.<\/p>\n<p><\/a><\/p>\n<h3>Eneko Llanos<\/h3>\n<figure id=\"attachment_39126\" aria-describedby=\"caption-attachment-39126\" style=\"width: 300px\" class=\"wp-caption alignright\"><img fetchpriority=\"high\" decoding=\"async\" class=\"size-medium wp-image-39126\" src=\"https:\/\/miurltemporal.com/main/triatletasenred.sport.es\/wp-content\/uploads\/eneko-300x190.jpg\" alt=\"Img Lava Magazine\" width=\"300\" height=\"190\" \/><figcaption id=\"caption-attachment-39126\" class=\"wp-caption-text\">Lava Magazine<\/figcaption><\/figure>\n<p>Nuestro &#8220;Kaiser&#8221; llega tras dos discretas participaciones en el <a href=\"https:\/\/miurltemporal.com/main/triatletasenred.sport.es\/actualidad\/eneko-llanos-ironman-2017\/\">Ironman 70.3 Buenos Aires <\/a>y en el <a href=\"https:\/\/miurltemporal.com/main/triatletasenred.sport.es\/actualidad\/gurutze-eneko-del-corral-kona-athletes-armados-imsudafrica\/\">Ironman Sud\u00e1frica<\/a> pero nadie mejor que el para aprender de las malas experiencias y sacar su mejor versi\u00f3n en este nuevo reto de nuestro admirado atleta de Vitoria.<\/p>\n<p>Eneko, con un dorsal 42 \u00a0a nuestro entender poco acertado para un atleta de su nivel e historia, tuvo ciertos problemas para viajar a Brasil, como nos comentaba en sus redes sociales tendr\u00e1 como m\u00e1ximos rivales al germano <strong>Andreas Raelert<\/strong>, al canadiense <strong>Brent McMahon<\/strong>, el veterano brit\u00e1nico <strong>Tim Don<\/strong>. Tambi\u00e9n figura en la lista de salida el ruso<strong> Ivan Tutukin<\/strong>, tercero en el reciente Ironman 70.3 Barcelona.<\/p>\n<h3>Gurutze Frades<\/h3>\n<hr \/>\n<p><img decoding=\"async\" class=\"alignleft \" src=\"https:\/\/miurltemporal.com/main/triatletasenred.sport.es\/wp-content\/uploads\/Gurutze-Frades-70.3-Turquia-702x336.jpg\" width=\"286\" height=\"137\" \/>Gurutze llega con los tanques de moral a tope tras su excelente <a href=\"https:\/\/miurltemporal.com/main/triatletasenred.sport.es\/actualidad\/gurutze-frades-pone-rumbo-kona-quinto-puesto-ironman-sudafrica\/\">quinto puesto en el Ironman Sud\u00e1frica<\/a> con una remontada \u00e9pica que ya narramos hace unas semanas en triatletasenred.com. Nuestra &#8220;Guru&#8221; viajo ya el d\u00eda 20 a tierras brasile\u00f1as para una buena adaptaci\u00f3n y con la historia de su lado. <a href=\"https:\/\/miurltemporal.com/main/triatletasenred.sport.es\/actualidad\/gurutze-frades-tercera-en-brasil-y-rumbo-a-kona\/\">Recordemos que consigui\u00f3 en 2016 el podio<\/a> en esta exigente prueba con un tercer puesto que la dej\u00f3 ya matem\u00e1ticamente clasificada para lo que signific\u00f3 su debut en Kona.<\/p>\n<p>Entre sus rivales destacadas que figuran en la lista de salida encontramos a la brit\u00e1nica<strong> Sussie Cheetam<\/strong>, la germana <strong>Kristin Moeler<\/strong>, o <strong>Elisabeth Gruber<\/strong>.<\/p>\n<p>&nbsp;<\/p>\n<p><strong>La batalla esta servida y esperamos que este domingo podamos celebrar una gran carrera de nuestros txapeldunes a ritmo de samba \u00bfno?<\/strong><\/p>\n","protected":false},"excerpt":{"rendered":"<p>El pasaporte a Kona de Gurutze Frades y Eneko Llanos pasa este fin de semana por tierras brasileiras. El comando vasco asaltar\u00e1 el domingo 28 de mayo el Ironman Florianapolis Brasil. No ser\u00e1 una prueba f\u00e1cil para los nuestros ya que, las condiciones climatol\u00f3gicas de calor y humedad relativa, no son las ideales para las [&hellip;]<\/p>\n","protected":false},"author":1,"featured_media":51434,"comment_status":"closed","ping_status":"closed","sticky":false,"template":"","format":"standard","meta":{"_acf_changed":false,"rank_math_lock_modified_date":false,"footnotes":""},"categories":[17],"tags":[597,1042,5588],"class_list":{"0":"post-51714","1":"post","2":"type-post","3":"status-publish","4":"format-standard","5":"has-post-thumbnail","7":"category-actualidad","8":"tag-eneko-llanos","9":"tag-gurutze-frades","10":"tag-ironman-brasil-2017"},"acf":[],"_links":{"self":[{"href":"https:\/\/miurltemporal.com/main/triatletasenred.sport.es\/wp-json\/wp\/v2\/posts\/51714"}],"collection":[{"href":"https:\/\/miurltemporal.com/main/triatletasenred.sport.es\/wp-json\/wp\/v2\/posts"}],"about":[{"href":"https:\/\/miurltemporal.com/main/triatletasenred.sport.es\/wp-json\/wp\/v2\/types\/post"}],"author":[{"embeddable":true,"href":"https:\/\/miurltemporal.com/main/triatletasenred.sport.es\/wp-json\/wp\/v2\/users\/1"}],"replies":[{"embeddable":true,"href":"https:\/\/miurltemporal.com/main/triatletasenred.sport.es\/wp-json\/wp\/v2\/comments?post=51714"}],"version-history":[{"count":0,"href":"https:\/\/miurltemporal.com/main/triatletasenred.sport.es\/wp-json\/wp\/v2\/posts\/51714\/revisions"}],"wp:featuredmedia":[{"embeddable":true,"href":"https:\/\/miurltemporal.com/main/triatletasenred.sport.es\/wp-json\/wp\/v2\/media\/51434"}],"wp:attachment":[{"href":"https:\/\/miurltemporal.com/main/triatletasenred.sport.es\/wp-json\/wp\/v2\/media?parent=51714"}],"wp:term":[{"taxonomy":"category","embeddable":true,"href":"https:\/\/miurltemporal.com/main/triatletasenred.sport.es\/wp-json\/wp\/v2\/categories?post=51714"},{"taxonomy":"post_tag","embeddable":true,"href":"https:\/\/miurltemporal.com/main/triatletasenred.sport.es\/wp-json\/wp\/v2\/tags?post=51714"}],"curies":[{"name":"wp","href":"https:\/\/api.w.org\/{rel}","templated":true}]}}